{"id":1929,"date":"2018-09-13T11:56:23","date_gmt":"2018-09-13T09:56:23","guid":{"rendered":"https:\/\/mazet-st-voy.com\/?p=1929"},"modified":"2018-09-13T12:05:19","modified_gmt":"2018-09-13T10:05:19","slug":"29e-rallye-du-haut-lignon","status":"publish","type":"post","link":"https:\/\/mazet-st-voy.com\/?p=1929","title":{"rendered":"29e RALLYE DU HAUT-LIGNON"},"content":{"rendered":"<h1><span style=\"color: #de0966;\">Le 29 \u00e8me Rallye du Haut-Lignon parcourra notre territoire les 14, 15 et 16 septembre. Organis\u00e9 par Team Auto Sport du Haut-Lignon.&nbsp;<\/span><\/h1>\n<h2 style=\"text-align: center;\"><u>PROGRAMME<\/u><\/h2>\n<p><span style=\"color: #de0966;\"><strong>VENDREDI 14 SEPTEMBRE&nbsp;: <\/strong><\/span>V\u00e9rifications techniques et administratives \u00e0 la salle de Gare et sur la place centrale au Chabon-sur-Lignon de 18h15 \u00e0 22h30.<\/p>\n<p><span style=\"color: #de0966;\"><strong>SAMEDI 15 SEPTEMBRE&nbsp;: <\/strong><\/span>Le programme et l\u2019ordre des \u00e9preuves sp\u00e9ciales sont identiques \u00e0 2017.<\/p>\n<p>L\u2019ES 1 \u00ab&nbsp;Pleyne&nbsp;\u00bb samedi matin servira de prologue avec un reclassement pour l\u2019apr\u00e8s-midi.<\/p>\n<ul>\n<li style=\"text-align: left;\"><strong>ES \u00ab&nbsp;Pleyne&nbsp;\u00bb entre le Mas de Tence et Tence (<span style=\"color: #de0966;\">10,5 km<\/span>)<\/strong>\n<ul>\n<li>ES 1&nbsp;: 10h15 \u2013 ES 3&nbsp;: 14h51 \u2013 ES 6&nbsp;: 18h00<\/li>\n<\/ul>\n<\/li>\n<li style=\"text-align: left;\"><strong>ES \u00ab&nbsp;Les Moulins&nbsp;\u00bb entre le Mazet-St-Voy et Saint-Jeures (<span style=\"color: #de0966;\">18,65 km<\/span>)<\/strong>\n<ul>\n<li>ES 2&nbsp;: 13h58 \u2013 ES 4&nbsp;: 16h49 \u2013 ES 7&nbsp;: 19h33<\/li>\n<\/ul>\n<\/li>\n<li><strong>ES \u00ab&nbsp;Pont d\u2019Auze \u00bb entre Freycenet d\u2019Auze et Versilhac (<span style=\"color: #de0966;\">6,60 km<\/span>)<\/strong>\n<ul>\n<li style=\"text-align: left;\">ES 5&nbsp;: 17h22 \u2013 ES 8&nbsp;: 20h06<\/li>\n<\/ul>\n<\/li>\n<\/ul>\n<p><span style=\"color: #d90944;\"><strong><span style=\"color: #de0966;\">DIMANCHE 16 SEPTEMBRE&nbsp;:<\/span> <\/strong><\/span>La remise des prix se d\u00e9roulera \u00e0 10h30 \u00e0 la salle Maria Bonnet \u00e0 Tence (salle attenante au cin\u00e9ma).<\/p>\n<p><img data-recalc-dims=\"1\" loading=\"lazy\" decoding=\"async\" class=\"wp-image-1928 aligncenter\" src=\"https:\/\/i0.wp.com\/mazet-st-voy.com\/wp-content\/uploads\/2018\/09\/Rallye-du-Haut-Lignon.png?resize=474%2C487&#038;ssl=1\" alt=\"\" width=\"474\" height=\"487\" srcset=\"https:\/\/i0.wp.com\/mazet-st-voy.com\/wp-content\/uploads\/2018\/09\/Rallye-du-Haut-Lignon.png?w=1060&amp;ssl=1 1060w, https:\/\/i0.wp.com\/mazet-st-voy.com\/wp-content\/uploads\/2018\/09\/Rallye-du-Haut-Lignon.png?resize=292%2C300&amp;ssl=1 292w, https:\/\/i0.wp.com\/mazet-st-voy.com\/wp-content\/uploads\/2018\/09\/Rallye-du-Haut-Lignon.png?resize=768%2C790&amp;ssl=1 768w, https:\/\/i0.wp.com\/mazet-st-voy.com\/wp-content\/uploads\/2018\/09\/Rallye-du-Haut-Lignon.png?resize=996%2C1024&amp;ssl=1 996w\" sizes=\"auto, (max-width: 474px) 100vw, 474px\" \/><\/p>\n","protected":false},"excerpt":{"rendered":"<p>Le 29 \u00e8me Rallye du Haut-Lignon parcourra notre territoire les 14, 15 et 16 septembre. Organis\u00e9 par Team Auto Sport du Haut-Lignon.&nbsp; PROGRAMME VENDREDI 14 SEPTEMBRE&nbsp;: V\u00e9rifications techniques et administratives \u00e0 la salle de Gare et sur la place centrale au Chabon-sur-Lignon de 18h15 \u00e0 22h30. SAMEDI 15 SEPTEMBRE&nbsp;: Le programme et l\u2019ordre des \u00e9preuves [&hellip;]<\/p>\n","protected":false},"author":1,"featured_media":0,"comment_status":"closed","ping_status":"open","sticky":false,"template":"","format":"standard","meta":{"ngg_post_thumbnail":0,"_jetpack_memberships_contains_paid_content":false,"footnotes":"","jetpack_publicize_message":"","jetpack_publicize_feature_enabled":true,"jetpack_social_post_already_shared":true,"jetpack_social_options":{"image_generator_settings":{"template":"highway","default_image_id":0,"font":"","enabled":false},"version":2}},"categories":[11],"tags":[],"class_list":["post-1929","post","type-post","status-publish","format-standard","hentry","category-sport","entry"],"aioseo_notices":[],"jetpack_publicize_connections":[],"jetpack_featured_media_url":"","jetpack_shortlink":"https:\/\/wp.me\/padW9w-v7","jetpack_sharing_enabled":true,"jetpack-related-posts":[{"id":2414,"url":"https:\/\/mazet-st-voy.com\/?p=2414","url_meta":{"origin":1929,"position":0},"title":"30\u00e8me Rallye du Haut-Lignon","author":"admin9404","date":"7 septembre 2019","format":false,"excerpt":"Le 30\u00e8me Rallye du Haut-Lignon sera pr\u00e9sent sur les routes de notre territoire le 13, 14 et 15 septembre. Organiser par Team Auto Sport du Haut-Lignon. VENDREDI 13 SEPTEMBRE\u00a0: V\u00e9rifications techniques et administratives \u00e0 la salle de Gare et sur la place centrale au Chambon-sur-Lignon de 18h15 \u00e0 22h30. SAMEDI\u2026","rel":"","context":"Dans &quot;SPORT&quot;","block_context":{"text":"SPORT","link":"https:\/\/mazet-st-voy.com\/?cat=11"},"img":{"alt_text":"","src":"https:\/\/i0.wp.com\/mazet-st-voy.com\/wp-content\/uploads\/2019\/09\/30-rallye-du-haut-lignon.jpg?resize=350%2C200&ssl=1","width":350,"height":200,"srcset":"https:\/\/i0.wp.com\/mazet-st-voy.com\/wp-content\/uploads\/2019\/09\/30-rallye-du-haut-lignon.jpg?resize=350%2C200&ssl=1 1x, https:\/\/i0.wp.com\/mazet-st-voy.com\/wp-content\/uploads\/2019\/09\/30-rallye-du-haut-lignon.jpg?resize=525%2C300&ssl=1 1.5x, https:\/\/i0.wp.com\/mazet-st-voy.com\/wp-content\/uploads\/2019\/09\/30-rallye-du-haut-lignon.jpg?resize=700%2C400&ssl=1 2x, https:\/\/i0.wp.com\/mazet-st-voy.com\/wp-content\/uploads\/2019\/09\/30-rallye-du-haut-lignon.jpg?resize=1050%2C600&ssl=1 3x"},"classes":[]},{"id":660,"url":"https:\/\/mazet-st-voy.com\/?p=660","url_meta":{"origin":1929,"position":1},"title":"PLANTES ET BIEN-\u00caTRE \u00c0 LA HALLE FERMI\u00c8RE","author":"admin9404","date":"21 ao\u00fbt 2018","format":false,"excerpt":"Du 22 ao\u00fbt 2018 au 29 ao\u00fbt 2018 &\u00a0Le mercredi 05 septembre 2018 \u00a0Monique Lempereur vous emm\u00e8ne dans le jardin botanique \u00e0 la d\u00e9couverte des plantes sauvages et m\u00e9dicinales. Au retour une d\u00e9gustation de ses tisanes et leurs bienfaits vous sera offerte. \u00c0 faire en famille. Adresse : \u00a0 \u00a0Halle\u2026","rel":"","context":"Dans &quot;TOURISME&quot;","block_context":{"text":"TOURISME","link":"https:\/\/mazet-st-voy.com\/?cat=14"},"img":{"alt_text":"","src":"","width":0,"height":0},"classes":[]},{"id":3606,"url":"https:\/\/mazet-st-voy.com\/?p=3606","url_meta":{"origin":1929,"position":2},"title":"Inauguration de la centrale solaire du Mazet St Voy","author":"admin9404","date":"24 septembre 2024","format":false,"excerpt":"Par un brouillard \u00e9pais, mardi 17 septembre 2024 a eu lieu l'inauguration de la centrale solaire de Chennebou. Elus de la commune, du d\u00e9partement, de la CCHL du haut-Lignon r\u00e9unis autour du Maire A Debard et de Mr Francis Audiger, responsable d\u00e9veloppement en Auvergne-Rh\u00f4ne-Alpes chez EDF Renouvelables pour couper et\u2026","rel":"","context":"Dans &quot;VIE MUNICIPALE&quot;","block_context":{"text":"VIE MUNICIPALE","link":"https:\/\/mazet-st-voy.com\/?cat=9"},"img":{"alt_text":"","src":"https:\/\/i0.wp.com\/mazet-st-voy.com\/wp-content\/uploads\/2024\/09\/centrale-Mazet10-300x199.jpg?resize=350%2C200&ssl=1","width":350,"height":200},"classes":[]},{"id":2247,"url":"https:\/\/mazet-st-voy.com\/?p=2247","url_meta":{"origin":1929,"position":3},"title":"Concert de la Cohue : Samedi 18 Mai \u00e0 20h30 au Calibert","author":"admin9404","date":"15 mai 2019","format":false,"excerpt":"\u00a0 Calibert en sc\u00e8ne a le plaisir de vous annoncer un concert exceptionnel de La Cohue ce samedi 18 mai \u00e0 20h30 au Calibert (Mazet-Saint-Voy), \u00e0 l'occasion d'un week-end de travail des choristes sur le plateau Vivarais-Lignon. Bas\u00e9e \u00e0 Saint-Genis-les-Olli\u00e8res, dans l\u2019ouest lyonnais, voil\u00e0 plus de 15 ans que La\u2026","rel":"","context":"Dans &quot;CALIBERT&quot;","block_context":{"text":"CALIBERT","link":"https:\/\/mazet-st-voy.com\/?cat=4"},"img":{"alt_text":"","src":"https:\/\/i0.wp.com\/mazet-st-voy.com\/wp-content\/uploads\/2019\/05\/Affiche-180519.jpg?resize=350%2C200&ssl=1","width":350,"height":200,"srcset":"https:\/\/i0.wp.com\/mazet-st-voy.com\/wp-content\/uploads\/2019\/05\/Affiche-180519.jpg?resize=350%2C200&ssl=1 1x, https:\/\/i0.wp.com\/mazet-st-voy.com\/wp-content\/uploads\/2019\/05\/Affiche-180519.jpg?resize=525%2C300&ssl=1 1.5x, https:\/\/i0.wp.com\/mazet-st-voy.com\/wp-content\/uploads\/2019\/05\/Affiche-180519.jpg?resize=700%2C400&ssl=1 2x, https:\/\/i0.wp.com\/mazet-st-voy.com\/wp-content\/uploads\/2019\/05\/Affiche-180519.jpg?resize=1050%2C600&ssl=1 3x, https:\/\/i0.wp.com\/mazet-st-voy.com\/wp-content\/uploads\/2019\/05\/Affiche-180519.jpg?resize=1400%2C800&ssl=1 4x"},"classes":[]},{"id":2521,"url":"https:\/\/mazet-st-voy.com\/?p=2521","url_meta":{"origin":1929,"position":4},"title":"Horaires d&rsquo;\u00e9t\u00e9 Halle Fermi\u00e8re","author":"admin9404","date":"18 avril 2020","format":false,"excerpt":"Avec l'arriv\u00e9e des beaux jours, l'\u00e9quipe de la Halle fermi\u00e8re \u00e0 le plaisir de vous informer que le magasin reprend ses horaires d'\u00e9t\u00e9 \u00e0 partir du Mercredi 22 Avril. Le magasin sera donc ouvert les : - Mercredi - Jeudi - Vendredi et Samedi de 9h30 \u00e0 12h30 et de\u2026","rel":"","context":"Dans &quot;TERROIR&quot;","block_context":{"text":"TERROIR","link":"https:\/\/mazet-st-voy.com\/?cat=15"},"img":{"alt_text":"","src":"","width":0,"height":0},"classes":[]},{"id":2341,"url":"https:\/\/mazet-st-voy.com\/?p=2341","url_meta":{"origin":1929,"position":5},"title":"Randolipette : 25 juillet","author":"admin9404","date":"24 juillet 2019","format":false,"excerpt":"Rappel ce jeudi randolipette au jardin botanique, \u00e0 l\u2019ombre ! c\u2019est \u00e0 10 h (rendez vous \u00e0 9 h 45 \u00e0 la biblioth\u00e8que) , gratuit, sur r\u00e9servation, pour enfants de 2 \u00e0 7 ans et leur accompagnateur. https:\/\/www.lacommere43.fr\/haut-lignon\/item\/24529-les-randolipettes-le-best-of-des-histoires-pour-les-enfants.html \u00a0","rel":"","context":"Dans &quot;JEUNESSE&quot;","block_context":{"text":"JEUNESSE","link":"https:\/\/mazet-st-voy.com\/?cat=12"},"img":{"alt_text":"","src":"","width":0,"height":0},"classes":[]}],"_links":{"self":[{"href":"https:\/\/mazet-st-voy.com\/index.php?rest_route=\/wp\/v2\/posts\/1929","targetHints":{"allow":["GET"]}}],"collection":[{"href":"https:\/\/mazet-st-voy.com\/index.php?rest_route=\/wp\/v2\/posts"}],"about":[{"href":"https:\/\/mazet-st-voy.com\/index.php?rest_route=\/wp\/v2\/types\/post"}],"author":[{"embeddable":true,"href":"https:\/\/mazet-st-voy.com\/index.php?rest_route=\/wp\/v2\/users\/1"}],"replies":[{"embeddable":true,"href":"https:\/\/mazet-st-voy.com\/index.php?rest_route=%2Fwp%2Fv2%2Fcomments&post=1929"}],"version-history":[{"count":6,"href":"https:\/\/mazet-st-voy.com\/index.php?rest_route=\/wp\/v2\/posts\/1929\/revisions"}],"predecessor-version":[{"id":1935,"href":"https:\/\/mazet-st-voy.com\/index.php?rest_route=\/wp\/v2\/posts\/1929\/revisions\/1935"}],"wp:attachment":[{"href":"https:\/\/mazet-st-voy.com\/index.php?rest_route=%2Fwp%2Fv2%2Fmedia&parent=1929"}],"wp:term":[{"taxonomy":"category","embeddable":true,"href":"https:\/\/mazet-st-voy.com\/index.php?rest_route=%2Fwp%2Fv2%2Fcategories&post=1929"},{"taxonomy":"post_tag","embeddable":true,"href":"https:\/\/mazet-st-voy.com\/index.php?rest_route=%2Fwp%2Fv2%2Ftags&post=1929"}],"curies":[{"name":"wp","href":"https:\/\/api.w.org\/{rel}","templated":true}]}}