{"id":2261,"date":"2019-05-21T14:08:12","date_gmt":"2019-05-21T12:08:12","guid":{"rendered":"https:\/\/mazet-st-voy.com\/?p=2261"},"modified":"2019-05-21T14:08:14","modified_gmt":"2019-05-21T12:08:14","slug":"vente-de-fleurs-samedi-25-mai-a-partir-13h30","status":"publish","type":"post","link":"https:\/\/mazet-st-voy.com\/?p=2261","title":{"rendered":"Vente de Fleurs : Samedi 25 Mai \u00e0 partir 13h30"},"content":{"rendered":"\n<figure class=\"wp-block-image\"><img loading=\"lazy\" decoding=\"async\" width=\"1240\" height=\"1754\" src=\"https:\/\/i0.wp.com\/mazet-st-voy.com\/wp-content\/uploads\/2019\/05\/vente-fleur-ecole.jpg?fit=724%2C1024&amp;ssl=1\" alt=\"\" class=\"wp-image-2262\" srcset=\"https:\/\/i0.wp.com\/mazet-st-voy.com\/wp-content\/uploads\/2019\/05\/vente-fleur-ecole.jpg?w=1240&amp;ssl=1 1240w, https:\/\/i0.wp.com\/mazet-st-voy.com\/wp-content\/uploads\/2019\/05\/vente-fleur-ecole.jpg?resize=212%2C300&amp;ssl=1 212w, https:\/\/i0.wp.com\/mazet-st-voy.com\/wp-content\/uploads\/2019\/05\/vente-fleur-ecole.jpg?resize=768%2C1086&amp;ssl=1 768w, https:\/\/i0.wp.com\/mazet-st-voy.com\/wp-content\/uploads\/2019\/05\/vente-fleur-ecole.jpg?resize=724%2C1024&amp;ssl=1 724w\" sizes=\"auto, (max-width: 1200px) 100vw, 1200px\" \/><\/figure>\n","protected":false},"excerpt":{"rendered":"","protected":false},"author":1,"featured_media":0,"comment_status":"closed","ping_status":"open","sticky":false,"template":"","format":"standard","meta":{"ngg_post_thumbnail":0,"_jetpack_memberships_contains_paid_content":false,"footnotes":"","jetpack_publicize_message":"","jetpack_publicize_feature_enabled":true,"jetpack_social_post_already_shared":true,"jetpack_social_options":{"image_generator_settings":{"template":"highway","default_image_id":0,"font":"","enabled":false},"version":2}},"categories":[20],"tags":[],"class_list":["post-2261","post","type-post","status-publish","format-standard","hentry","category-ecole","entry"],"aioseo_notices":[],"jetpack_publicize_connections":[],"jetpack_featured_media_url":"","jetpack_shortlink":"https:\/\/wp.me\/padW9w-At","jetpack_sharing_enabled":true,"jetpack-related-posts":[{"id":2980,"url":"https:\/\/mazet-st-voy.com\/?p=2980","url_meta":{"origin":2261,"position":0},"title":"Vente de fleurs le Samedi 29 Mai au profit des \u00e9coles&#8230;.","author":"admin9404","date":"10 mai 2021","format":false,"excerpt":"","rel":"","context":"Dans &quot;ECOLE&quot;","block_context":{"text":"ECOLE","link":"https:\/\/mazet-st-voy.com\/?cat=20"},"img":{"alt_text":"","src":"https:\/\/i0.wp.com\/mazet-st-voy.com\/wp-content\/uploads\/2021\/05\/pdfAffiche-vente-de-fleurs54.png?resize=350%2C200&ssl=1","width":350,"height":200,"srcset":"https:\/\/i0.wp.com\/mazet-st-voy.com\/wp-content\/uploads\/2021\/05\/pdfAffiche-vente-de-fleurs54.png?resize=350%2C200&ssl=1 1x, https:\/\/i0.wp.com\/mazet-st-voy.com\/wp-content\/uploads\/2021\/05\/pdfAffiche-vente-de-fleurs54.png?resize=525%2C300&ssl=1 1.5x, https:\/\/i0.wp.com\/mazet-st-voy.com\/wp-content\/uploads\/2021\/05\/pdfAffiche-vente-de-fleurs54.png?resize=700%2C400&ssl=1 2x, https:\/\/i0.wp.com\/mazet-st-voy.com\/wp-content\/uploads\/2021\/05\/pdfAffiche-vente-de-fleurs54.png?resize=1050%2C600&ssl=1 3x"},"classes":[]},{"id":2257,"url":"https:\/\/mazet-st-voy.com\/?p=2257","url_meta":{"origin":2261,"position":1},"title":"Tournoi Ecole de Foot : Samedi 25 Mai","author":"admin9404","date":"18 mai 2019","format":false,"excerpt":"","rel":"","context":"Dans &quot;SPORT&quot;","block_context":{"text":"SPORT","link":"https:\/\/mazet-st-voy.com\/?cat=11"},"img":{"alt_text":"","src":"https:\/\/i0.wp.com\/mazet-st-voy.com\/wp-content\/uploads\/2019\/05\/tournoi-de-foot.jpg?resize=350%2C200&ssl=1","width":350,"height":200,"srcset":"https:\/\/i0.wp.com\/mazet-st-voy.com\/wp-content\/uploads\/2019\/05\/tournoi-de-foot.jpg?resize=350%2C200&ssl=1 1x, https:\/\/i0.wp.com\/mazet-st-voy.com\/wp-content\/uploads\/2019\/05\/tournoi-de-foot.jpg?resize=525%2C300&ssl=1 1.5x, https:\/\/i0.wp.com\/mazet-st-voy.com\/wp-content\/uploads\/2019\/05\/tournoi-de-foot.jpg?resize=700%2C400&ssl=1 2x, https:\/\/i0.wp.com\/mazet-st-voy.com\/wp-content\/uploads\/2019\/05\/tournoi-de-foot.jpg?resize=1050%2C600&ssl=1 3x"},"classes":[]},{"id":2430,"url":"https:\/\/mazet-st-voy.com\/?p=2430","url_meta":{"origin":2261,"position":2},"title":"Fermeture Mairie","author":"admin9404","date":"21 septembre 2019","format":false,"excerpt":"Le secr\u00e9tariat de Mairie sera exceptionnellement ferm\u00e9 Les mercredis 25\/09 et 2\/04 Le vendredi 27\/09 Le samedi 28\/09 \u00a0 Une permanence sera tenue le Samedi 28\/09 \u00e0 partir de 11h","rel":"","context":"Dans &quot;INFORMATION&quot;","block_context":{"text":"INFORMATION","link":"https:\/\/mazet-st-voy.com\/?cat=18"},"img":{"alt_text":"","src":"","width":0,"height":0},"classes":[]},{"id":2243,"url":"https:\/\/mazet-st-voy.com\/?p=2243","url_meta":{"origin":2261,"position":3},"title":"Portes Ouvertes Ecole Albert Camus : Jeudi 16 mai de 16h30 \u00e0 18h00","author":"admin9404","date":"14 mai 2019","format":false,"excerpt":"","rel":"","context":"Dans &quot;ECOLE&quot;","block_context":{"text":"ECOLE","link":"https:\/\/mazet-st-voy.com\/?cat=20"},"img":{"alt_text":"","src":"https:\/\/i0.wp.com\/mazet-st-voy.com\/wp-content\/uploads\/2019\/05\/porte-ouverte-Ecole.jpg?resize=350%2C200&ssl=1","width":350,"height":200,"srcset":"https:\/\/i0.wp.com\/mazet-st-voy.com\/wp-content\/uploads\/2019\/05\/porte-ouverte-Ecole.jpg?resize=350%2C200&ssl=1 1x, https:\/\/i0.wp.com\/mazet-st-voy.com\/wp-content\/uploads\/2019\/05\/porte-ouverte-Ecole.jpg?resize=525%2C300&ssl=1 1.5x, https:\/\/i0.wp.com\/mazet-st-voy.com\/wp-content\/uploads\/2019\/05\/porte-ouverte-Ecole.jpg?resize=700%2C400&ssl=1 2x, https:\/\/i0.wp.com\/mazet-st-voy.com\/wp-content\/uploads\/2019\/05\/porte-ouverte-Ecole.jpg?resize=1050%2C600&ssl=1 3x"},"classes":[]},{"id":2247,"url":"https:\/\/mazet-st-voy.com\/?p=2247","url_meta":{"origin":2261,"position":4},"title":"Concert de la Cohue : Samedi 18 Mai \u00e0 20h30 au Calibert","author":"admin9404","date":"15 mai 2019","format":false,"excerpt":"\u00a0 Calibert en sc\u00e8ne a le plaisir de vous annoncer un concert exceptionnel de La Cohue ce samedi 18 mai \u00e0 20h30 au Calibert (Mazet-Saint-Voy), \u00e0 l'occasion d'un week-end de travail des choristes sur le plateau Vivarais-Lignon. Bas\u00e9e \u00e0 Saint-Genis-les-Olli\u00e8res, dans l\u2019ouest lyonnais, voil\u00e0 plus de 15 ans que La\u2026","rel":"","context":"Dans &quot;CALIBERT&quot;","block_context":{"text":"CALIBERT","link":"https:\/\/mazet-st-voy.com\/?cat=4"},"img":{"alt_text":"","src":"https:\/\/i0.wp.com\/mazet-st-voy.com\/wp-content\/uploads\/2019\/05\/Affiche-180519.jpg?resize=350%2C200&ssl=1","width":350,"height":200,"srcset":"https:\/\/i0.wp.com\/mazet-st-voy.com\/wp-content\/uploads\/2019\/05\/Affiche-180519.jpg?resize=350%2C200&ssl=1 1x, https:\/\/i0.wp.com\/mazet-st-voy.com\/wp-content\/uploads\/2019\/05\/Affiche-180519.jpg?resize=525%2C300&ssl=1 1.5x, https:\/\/i0.wp.com\/mazet-st-voy.com\/wp-content\/uploads\/2019\/05\/Affiche-180519.jpg?resize=700%2C400&ssl=1 2x, https:\/\/i0.wp.com\/mazet-st-voy.com\/wp-content\/uploads\/2019\/05\/Affiche-180519.jpg?resize=1050%2C600&ssl=1 3x, https:\/\/i0.wp.com\/mazet-st-voy.com\/wp-content\/uploads\/2019\/05\/Affiche-180519.jpg?resize=1400%2C800&ssl=1 4x"},"classes":[]},{"id":2478,"url":"https:\/\/mazet-st-voy.com\/?p=2478","url_meta":{"origin":2261,"position":5},"title":"Fermeture Mairie","author":"admin9404","date":"21 d\u00e9cembre 2019","format":false,"excerpt":"Le secr\u00e9tariat de Mairie sera exceptionnellement ferm\u00e9 Le Mardi 24 d\u00e9cembre Le Samedi 28 d\u00e9cembre Une permanence sera tenue le Samedi 28 d\u00e9cembre \u00e0 partir de 11h","rel":"","context":"Dans &quot;INFORMATION&quot;","block_context":{"text":"INFORMATION","link":"https:\/\/mazet-st-voy.com\/?cat=18"},"img":{"alt_text":"","src":"","width":0,"height":0},"classes":[]}],"_links":{"self":[{"href":"https:\/\/mazet-st-voy.com\/index.php?rest_route=\/wp\/v2\/posts\/2261","targetHints":{"allow":["GET"]}}],"collection":[{"href":"https:\/\/mazet-st-voy.com\/index.php?rest_route=\/wp\/v2\/posts"}],"about":[{"href":"https:\/\/mazet-st-voy.com\/index.php?rest_route=\/wp\/v2\/types\/post"}],"author":[{"embeddable":true,"href":"https:\/\/mazet-st-voy.com\/index.php?rest_route=\/wp\/v2\/users\/1"}],"replies":[{"embeddable":true,"href":"https:\/\/mazet-st-voy.com\/index.php?rest_route=%2Fwp%2Fv2%2Fcomments&post=2261"}],"version-history":[{"count":1,"href":"https:\/\/mazet-st-voy.com\/index.php?rest_route=\/wp\/v2\/posts\/2261\/revisions"}],"predecessor-version":[{"id":2263,"href":"https:\/\/mazet-st-voy.com\/index.php?rest_route=\/wp\/v2\/posts\/2261\/revisions\/2263"}],"wp:attachment":[{"href":"https:\/\/mazet-st-voy.com\/index.php?rest_route=%2Fwp%2Fv2%2Fmedia&parent=2261"}],"wp:term":[{"taxonomy":"category","embeddable":true,"href":"https:\/\/mazet-st-voy.com\/index.php?rest_route=%2Fwp%2Fv2%2Fcategories&post=2261"},{"taxonomy":"post_tag","embeddable":true,"href":"https:\/\/mazet-st-voy.com\/index.php?rest_route=%2Fwp%2Fv2%2Ftags&post=2261"}],"curies":[{"name":"wp","href":"https:\/\/api.w.org\/{rel}","templated":true}]}}