{"id":2269,"date":"2019-05-28T18:16:29","date_gmt":"2019-05-28T16:16:29","guid":{"rendered":"https:\/\/mazet-st-voy.com\/?p=2269"},"modified":"2019-06-12T09:10:05","modified_gmt":"2019-06-12T07:10:05","slug":"festival-contes-en-marches-vendredi-31-mai-20h30-salle-sous-la-mairie","status":"publish","type":"post","link":"https:\/\/mazet-st-voy.com\/?p=2269","title":{"rendered":"Festival Contes en Marches : Vendredi 31 Mai 20h30 (salle sous la mairie)"},"content":{"rendered":"\n<p>Le Festival Contes en Marches vous propose :<\/p>\n<p>Le spectacle \u00ab\u00a0Les tr\u00e9sors de la Terre\u00a0\u00bb avec Bertrand CHOLLAT.<\/p>\n<p>Ce spectacle vous propose une succession de contes, pr\u00e9cieusement choisis dans les diff\u00e9rentes traditions de la terre abordant des th\u00e8mes aussi vari\u00e9s que l&rsquo;amour, la ruse, l&rsquo;ambition, la col\u00e8re, la v\u00e9rit\u00e9, la gourmandise ou le mensonge&#8230; pour le plaisir du r\u00eave et la richesse de l&rsquo;imaginaire.<br>En somme, des contes qui parlent avec simplicit\u00e9 et humour de notre humanit\u00e9.<\/p>\n<p>A partir de 5 ans<br>Dur\u00e9e: 1h<br>Entr\u00e9e libre et gratuite<\/p>\n<p>&nbsp;<\/p>\n","protected":false},"excerpt":{"rendered":"<p>Le Festival Contes en Marches vous propose : Le spectacle \u00ab\u00a0Les tr\u00e9sors de la Terre\u00a0\u00bb avec Bertrand CHOLLAT. Ce spectacle vous propose une succession de contes, pr\u00e9cieusement choisis dans les diff\u00e9rentes traditions de la terre abordant des th\u00e8mes aussi vari\u00e9s que l&rsquo;amour, la ruse, l&rsquo;ambition, la col\u00e8re, la v\u00e9rit\u00e9, la gourmandise ou le mensonge&#8230; pour [&hellip;]<\/p>\n","protected":false},"author":1,"featured_media":0,"comment_status":"closed","ping_status":"open","sticky":false,"template":"","format":"standard","meta":{"ngg_post_thumbnail":0,"_jetpack_memberships_contains_paid_content":false,"footnotes":"","jetpack_publicize_message":"","jetpack_publicize_feature_enabled":true,"jetpack_social_post_already_shared":true,"jetpack_social_options":{"image_generator_settings":{"template":"highway","default_image_id":0,"font":"","enabled":false},"version":2}},"categories":[10,12],"tags":[],"class_list":["post-2269","post","type-post","status-publish","format-standard","hentry","category-culture","category-jeunesse","entry"],"aioseo_notices":[],"jetpack_publicize_connections":[],"jetpack_featured_media_url":"","jetpack_shortlink":"https:\/\/wp.me\/padW9w-AB","jetpack_sharing_enabled":true,"jetpack-related-posts":[{"id":2470,"url":"https:\/\/mazet-st-voy.com\/?p=2470","url_meta":{"origin":2269,"position":0},"title":"Inspecteur Toutou et le miroir magique","author":"admin9404","date":"18 d\u00e9cembre 2019","format":false,"excerpt":"\u00a0 Ama Th\u00e9\u00e2tre et Calibert en sc\u00e8ne ont le plaisir de vous inviter \u00e0 une repr\u00e9sentation de la pi\u00e8ce \"Inspecteur Toutou: le miroir magique\" d'apr\u00e8s le texte de Pierre Gripari: samedi 21 d\u00e9cembre \u00e0 17h00 au Calibert. ********** Quand les h\u00e9ros des contes traditionnels ont besoin d\u2019aide pourpoursuivre leurs histoires\u2026","rel":"","context":"Dans &quot;CALIBERT&quot;","block_context":{"text":"CALIBERT","link":"https:\/\/mazet-st-voy.com\/?cat=4"},"img":{"alt_text":"","src":"https:\/\/i0.wp.com\/mazet-st-voy.com\/wp-content\/uploads\/2019\/12\/Affiche-Mazet.jpg?resize=350%2C200&ssl=1","width":350,"height":200,"srcset":"https:\/\/i0.wp.com\/mazet-st-voy.com\/wp-content\/uploads\/2019\/12\/Affiche-Mazet.jpg?resize=350%2C200&ssl=1 1x, https:\/\/i0.wp.com\/mazet-st-voy.com\/wp-content\/uploads\/2019\/12\/Affiche-Mazet.jpg?resize=525%2C300&ssl=1 1.5x, https:\/\/i0.wp.com\/mazet-st-voy.com\/wp-content\/uploads\/2019\/12\/Affiche-Mazet.jpg?resize=700%2C400&ssl=1 2x, https:\/\/i0.wp.com\/mazet-st-voy.com\/wp-content\/uploads\/2019\/12\/Affiche-Mazet.jpg?resize=1050%2C600&ssl=1 3x, https:\/\/i0.wp.com\/mazet-st-voy.com\/wp-content\/uploads\/2019\/12\/Affiche-Mazet.jpg?resize=1400%2C800&ssl=1 4x"},"classes":[]},{"id":2516,"url":"https:\/\/mazet-st-voy.com\/?p=2516","url_meta":{"origin":2269,"position":1},"title":"INFORMATIONS COVID-19","author":"admin9404","date":"21 mars 2020","format":false,"excerpt":"Vous trouverez ci-dessous quelques informations et rappel concernant, ce qu\u2019il est possible de faire ou de ne pas faire pendant cette p\u00e9riode de confinement\u00a0: Quelles sont les sorties possibles ou pas Les sorties indispensables \u00e0 l\u2019\u00e9quilibre des enfants, le sport et l\u2019activit\u00e9 physique individuels dans les espaces ouverts, sont autoris\u00e9s\u2026","rel":"","context":"Dans &quot;INFORMATION&quot;","block_context":{"text":"INFORMATION","link":"https:\/\/mazet-st-voy.com\/?cat=18"},"img":{"alt_text":"","src":"","width":0,"height":0},"classes":[]},{"id":2349,"url":"https:\/\/mazet-st-voy.com\/?p=2349","url_meta":{"origin":2269,"position":2},"title":"Les Gaspards en concert le 14 ao\u00fbt au Calibert \u00e0 21h00","author":"admin9404","date":"27 juillet 2019","format":false,"excerpt":"Entr\u00e9e gratuite. Spectacle offert par la commune LITTLE NEW YORK DANS TON BLED Les Gaspards parcourent les routes de France depuis 2004. S\u2019\u00e9tant nourris de styles musicaux \u00e9clectiques ils sont peu \u00e0 peu pass\u00e9s \u00e0 la composition afin d\u2019exprimer leur personnalit\u00e9 et leur originalit\u00e9. Leurs musiques et leur chansons s\u2019inspirent\u2026","rel":"","context":"Dans &quot;CALIBERT&quot;","block_context":{"text":"CALIBERT","link":"https:\/\/mazet-st-voy.com\/?cat=4"},"img":{"alt_text":"","src":"https:\/\/i0.wp.com\/mazet-st-voy.com\/wp-content\/uploads\/2019\/07\/gaspards-photo.jpg?resize=350%2C200&ssl=1","width":350,"height":200,"srcset":"https:\/\/i0.wp.com\/mazet-st-voy.com\/wp-content\/uploads\/2019\/07\/gaspards-photo.jpg?resize=350%2C200&ssl=1 1x, https:\/\/i0.wp.com\/mazet-st-voy.com\/wp-content\/uploads\/2019\/07\/gaspards-photo.jpg?resize=525%2C300&ssl=1 1.5x, https:\/\/i0.wp.com\/mazet-st-voy.com\/wp-content\/uploads\/2019\/07\/gaspards-photo.jpg?resize=700%2C400&ssl=1 2x, https:\/\/i0.wp.com\/mazet-st-voy.com\/wp-content\/uploads\/2019\/07\/gaspards-photo.jpg?resize=1050%2C600&ssl=1 3x"},"classes":[]},{"id":1949,"url":"https:\/\/mazet-st-voy.com\/?p=1949","url_meta":{"origin":2269,"position":3},"title":"WESTERN POP Loin l&rsquo;ouest avec FAHRO","author":"admin9404","date":"8 octobre 2018","format":false,"excerpt":"Le vendredi 12 octobre 2018 \u00e0\u00a020h30 \u00e0 la salle du CALIBERT au Mazet-St-Voy Entr\u00e9e libre et gratuite dans la limite des places disponibles Dans le cadre du festival\u00a0Le chant des sucs, Calibert en sc\u00e8ne et la m\u00e9diath\u00e8que du Mazet-St-Voy vous invitent en plein d\u00e9sert \u00e0 la rencontre de Discowboy... Inspir\u00e9\u2026","rel":"","context":"Dans &quot;CALIBERT&quot;","block_context":{"text":"CALIBERT","link":"https:\/\/mazet-st-voy.com\/?cat=4"},"img":{"alt_text":"","src":"https:\/\/i0.wp.com\/mazet-st-voy.com\/wp-content\/uploads\/2018\/10\/Farho.jpg?resize=350%2C200&ssl=1","width":350,"height":200,"srcset":"https:\/\/i0.wp.com\/mazet-st-voy.com\/wp-content\/uploads\/2018\/10\/Farho.jpg?resize=350%2C200&ssl=1 1x, https:\/\/i0.wp.com\/mazet-st-voy.com\/wp-content\/uploads\/2018\/10\/Farho.jpg?resize=525%2C300&ssl=1 1.5x, https:\/\/i0.wp.com\/mazet-st-voy.com\/wp-content\/uploads\/2018\/10\/Farho.jpg?resize=700%2C400&ssl=1 2x, https:\/\/i0.wp.com\/mazet-st-voy.com\/wp-content\/uploads\/2018\/10\/Farho.jpg?resize=1050%2C600&ssl=1 3x, https:\/\/i0.wp.com\/mazet-st-voy.com\/wp-content\/uploads\/2018\/10\/Farho.jpg?resize=1400%2C800&ssl=1 4x"},"classes":[]},{"id":2446,"url":"https:\/\/mazet-st-voy.com\/?p=2446","url_meta":{"origin":2269,"position":4},"title":"Bodie en Concert au Calibert : 18 octobre \u00e0 20h30","author":"admin9404","date":"15 octobre 2019","format":false,"excerpt":"Le festival \"Le chant des sucs\" fait escale au Mazet-Saint-Voy prochainement: Bodie sera en concert vendredi 18 octobre au Calibert \u00e0 20h30! Trois s\u0153urs en cavale, originaires de la ville fant\u00f4me de Bodie, donnent des concerts clandestins pour \u00e9chapper \u00e0 la police. Leurs noms : Blanche, Andr\u00e9e et Imog\u00e8ne. Si\u2026","rel":"","context":"Dans &quot;CALIBERT&quot;","block_context":{"text":"CALIBERT","link":"https:\/\/mazet-st-voy.com\/?cat=4"},"img":{"alt_text":"","src":"https:\/\/i0.wp.com\/mazet-st-voy.com\/wp-content\/uploads\/2019\/10\/concert-bodie.jpg?resize=350%2C200&ssl=1","width":350,"height":200,"srcset":"https:\/\/i0.wp.com\/mazet-st-voy.com\/wp-content\/uploads\/2019\/10\/concert-bodie.jpg?resize=350%2C200&ssl=1 1x, https:\/\/i0.wp.com\/mazet-st-voy.com\/wp-content\/uploads\/2019\/10\/concert-bodie.jpg?resize=525%2C300&ssl=1 1.5x"},"classes":[]},{"id":2130,"url":"https:\/\/mazet-st-voy.com\/?p=2130","url_meta":{"origin":2269,"position":5},"title":"Concert du Kirk Joseph&rsquo;s French Backyard Groove, le samedi 02 f\u00e9vrier \u00e0 20h30","author":"admin9404","date":"24 janvier 2019","format":false,"excerpt":"Kirk Joseph, le roi du sousaphone de la Nouvelle-Orl\u00e9ans, f\u00eate cette ann\u00e9e ses 40 ans de tourn\u00e9e avec son groupe l\u00e9gendaire: le Dirty Dozen Brass Band. Son groove et sa dext\u00e9rit\u00e9 sur ce si gros instrument qu'est le sousaphone sont une r\u00e9f\u00e9rence mondiale. Il est en France au d\u00e9but de\u2026","rel":"","context":"Dans &quot;CALIBERT&quot;","block_context":{"text":"CALIBERT","link":"https:\/\/mazet-st-voy.com\/?cat=4"},"img":{"alt_text":"","src":"https:\/\/i0.wp.com\/mazet-st-voy.com\/wp-content\/uploads\/2019\/01\/Soir%C3%A9e-Kirk-Joseph-2.jpg?resize=350%2C200&ssl=1","width":350,"height":200,"srcset":"https:\/\/i0.wp.com\/mazet-st-voy.com\/wp-content\/uploads\/2019\/01\/Soir%C3%A9e-Kirk-Joseph-2.jpg?resize=350%2C200&ssl=1 1x, https:\/\/i0.wp.com\/mazet-st-voy.com\/wp-content\/uploads\/2019\/01\/Soir%C3%A9e-Kirk-Joseph-2.jpg?resize=525%2C300&ssl=1 1.5x, https:\/\/i0.wp.com\/mazet-st-voy.com\/wp-content\/uploads\/2019\/01\/Soir%C3%A9e-Kirk-Joseph-2.jpg?resize=700%2C400&ssl=1 2x, https:\/\/i0.wp.com\/mazet-st-voy.com\/wp-content\/uploads\/2019\/01\/Soir%C3%A9e-Kirk-Joseph-2.jpg?resize=1050%2C600&ssl=1 3x, https:\/\/i0.wp.com\/mazet-st-voy.com\/wp-content\/uploads\/2019\/01\/Soir%C3%A9e-Kirk-Joseph-2.jpg?resize=1400%2C800&ssl=1 4x"},"classes":[]}],"_links":{"self":[{"href":"https:\/\/mazet-st-voy.com\/index.php?rest_route=\/wp\/v2\/posts\/2269","targetHints":{"allow":["GET"]}}],"collection":[{"href":"https:\/\/mazet-st-voy.com\/index.php?rest_route=\/wp\/v2\/posts"}],"about":[{"href":"https:\/\/mazet-st-voy.com\/index.php?rest_route=\/wp\/v2\/types\/post"}],"author":[{"embeddable":true,"href":"https:\/\/mazet-st-voy.com\/index.php?rest_route=\/wp\/v2\/users\/1"}],"replies":[{"embeddable":true,"href":"https:\/\/mazet-st-voy.com\/index.php?rest_route=%2Fwp%2Fv2%2Fcomments&post=2269"}],"version-history":[{"count":1,"href":"https:\/\/mazet-st-voy.com\/index.php?rest_route=\/wp\/v2\/posts\/2269\/revisions"}],"predecessor-version":[{"id":2270,"href":"https:\/\/mazet-st-voy.com\/index.php?rest_route=\/wp\/v2\/posts\/2269\/revisions\/2270"}],"wp:attachment":[{"href":"https:\/\/mazet-st-voy.com\/index.php?rest_route=%2Fwp%2Fv2%2Fmedia&parent=2269"}],"wp:term":[{"taxonomy":"category","embeddable":true,"href":"https:\/\/mazet-st-voy.com\/index.php?rest_route=%2Fwp%2Fv2%2Fcategories&post=2269"},{"taxonomy":"post_tag","embeddable":true,"href":"https:\/\/mazet-st-voy.com\/index.php?rest_route=%2Fwp%2Fv2%2Ftags&post=2269"}],"curies":[{"name":"wp","href":"https:\/\/api.w.org\/{rel}","templated":true}]}}