{"id":2273,"date":"2019-06-08T09:28:58","date_gmt":"2019-06-08T07:28:58","guid":{"rendered":"https:\/\/mazet-st-voy.com\/?p=2273"},"modified":"2019-06-08T09:29:00","modified_gmt":"2019-06-08T07:29:00","slug":"ecole-spectacle-de-fin-dannee-le-vendredi-14-juin-a-18h00-au-calibert","status":"publish","type":"post","link":"https:\/\/mazet-st-voy.com\/?p=2273","title":{"rendered":"Ecole : Spectacle de fin d&rsquo;ann\u00e9e le vendredi 14 juin \u00e0 18h00 au Calibert"},"content":{"rendered":"\n<p>Les \u00e9l\u00e8ves de l&rsquo;\u00e9cole ainsi que l&rsquo;\u00e9quipe \u00e9ducative sont heureux de vous faire d\u00e9couvrir le spectacle de fin d&rsquo;ann\u00e9e, qui aura lieu au Calibert \u00e0 18H.<\/p>\n<p>&nbsp;<\/p>\n","protected":false},"excerpt":{"rendered":"<p>Les \u00e9l\u00e8ves de l&rsquo;\u00e9cole ainsi que l&rsquo;\u00e9quipe \u00e9ducative sont heureux de vous faire d\u00e9couvrir le spectacle de fin d&rsquo;ann\u00e9e, qui aura lieu au Calibert \u00e0 18H. &nbsp;<\/p>\n","protected":false},"author":1,"featured_media":0,"comment_status":"closed","ping_status":"open","sticky":false,"template":"","format":"standard","meta":{"ngg_post_thumbnail":0,"_jetpack_memberships_contains_paid_content":false,"footnotes":"","jetpack_publicize_message":"","jetpack_publicize_feature_enabled":true,"jetpack_social_post_already_shared":true,"jetpack_social_options":{"image_generator_settings":{"template":"highway","default_image_id":0,"font":"","enabled":false},"version":2}},"categories":[20,12],"tags":[],"class_list":["post-2273","post","type-post","status-publish","format-standard","hentry","category-ecole","category-jeunesse","entry"],"aioseo_notices":[],"jetpack_publicize_connections":[],"jetpack_featured_media_url":"","jetpack_shortlink":"https:\/\/wp.me\/padW9w-AF","jetpack_sharing_enabled":true,"jetpack-related-posts":[{"id":2159,"url":"https:\/\/mazet-st-voy.com\/?p=2159","url_meta":{"origin":2273,"position":0},"title":"Printemps des Po\u00e8tes 2019 : Lancement Dimanche 10 Mars 17h au Calibert","author":"admin9404","date":"1 mars 2019","format":false,"excerpt":"Le lancement du Printemps des Po\u00e8tes aura lieu le Dimanche 10 Mars \u00e0 17h, dans la salle du Calibert. Suivi du spectacle \"Dans ma maison vous viendrez, d'ailleurs ce n'est pas ma maison\". Vous pouvez \u00e9galement retrouver le programme du Printemps des Po\u00e8tes : programme Printemps des Po\u00e8tessite internet Pays\u2026","rel":"","context":"Dans &quot;CALIBERT&quot;","block_context":{"text":"CALIBERT","link":"https:\/\/mazet-st-voy.com\/?cat=4"},"img":{"alt_text":"","src":"https:\/\/i0.wp.com\/mazet-st-voy.com\/wp-content\/uploads\/2019\/03\/Printemps-des-Po%C3%A8tes.jpg?resize=350%2C200&ssl=1","width":350,"height":200,"srcset":"https:\/\/i0.wp.com\/mazet-st-voy.com\/wp-content\/uploads\/2019\/03\/Printemps-des-Po%C3%A8tes.jpg?resize=350%2C200&ssl=1 1x, https:\/\/i0.wp.com\/mazet-st-voy.com\/wp-content\/uploads\/2019\/03\/Printemps-des-Po%C3%A8tes.jpg?resize=525%2C300&ssl=1 1.5x, https:\/\/i0.wp.com\/mazet-st-voy.com\/wp-content\/uploads\/2019\/03\/Printemps-des-Po%C3%A8tes.jpg?resize=700%2C400&ssl=1 2x, https:\/\/i0.wp.com\/mazet-st-voy.com\/wp-content\/uploads\/2019\/03\/Printemps-des-Po%C3%A8tes.jpg?resize=1050%2C600&ssl=1 3x, https:\/\/i0.wp.com\/mazet-st-voy.com\/wp-content\/uploads\/2019\/03\/Printemps-des-Po%C3%A8tes.jpg?resize=1400%2C800&ssl=1 4x"},"classes":[]},{"id":2398,"url":"https:\/\/mazet-st-voy.com\/?p=2398","url_meta":{"origin":2273,"position":1},"title":"Concert de la Ma\u00eetrise Saint-Louis de Versailles","author":"admin9404","date":"23 ao\u00fbt 2019","format":false,"excerpt":"30 jeunes de la 6\u00e8me \u00e0 la Terminale, de la Ma\u00eetrise Saint-Louis de Versailles, sous la direction de Jean Claude Soubeyrand, seront en r\u00e9sidence \u00e0 La Costette au Mazet-Saint-Voy du 18 au 24 ao\u00fbt. Ils seront en concert, en partenariat avec Calibert en sc\u00e8ne, le vendredi 23 ao\u00fbt \u00e0 20h30\u2026","rel":"","context":"Dans &quot;CALIBERT&quot;","block_context":{"text":"CALIBERT","link":"https:\/\/mazet-st-voy.com\/?cat=4"},"img":{"alt_text":"","src":"https:\/\/i0.wp.com\/mazet-st-voy.com\/wp-content\/uploads\/2019\/08\/affiche-23-ao%C3%BBt-Le-Calibert-1.jpg?resize=350%2C200&ssl=1","width":350,"height":200,"srcset":"https:\/\/i0.wp.com\/mazet-st-voy.com\/wp-content\/uploads\/2019\/08\/affiche-23-ao%C3%BBt-Le-Calibert-1.jpg?resize=350%2C200&ssl=1 1x, https:\/\/i0.wp.com\/mazet-st-voy.com\/wp-content\/uploads\/2019\/08\/affiche-23-ao%C3%BBt-Le-Calibert-1.jpg?resize=525%2C300&ssl=1 1.5x, https:\/\/i0.wp.com\/mazet-st-voy.com\/wp-content\/uploads\/2019\/08\/affiche-23-ao%C3%BBt-Le-Calibert-1.jpg?resize=700%2C400&ssl=1 2x, https:\/\/i0.wp.com\/mazet-st-voy.com\/wp-content\/uploads\/2019\/08\/affiche-23-ao%C3%BBt-Le-Calibert-1.jpg?resize=1050%2C600&ssl=1 3x, https:\/\/i0.wp.com\/mazet-st-voy.com\/wp-content\/uploads\/2019\/08\/affiche-23-ao%C3%BBt-Le-Calibert-1.jpg?resize=1400%2C800&ssl=1 4x"},"classes":[]},{"id":2959,"url":"https:\/\/mazet-st-voy.com\/?p=2959","url_meta":{"origin":2273,"position":2},"title":"Ce Vendredi 23 Avril visite de l\u2019ancienne ministre Najat Vallaud-Belkacem dans le cadre des \u00e9lections r\u00e9gionales.","author":"admin9404","date":"27 avril 2021","format":false,"excerpt":"Ce vendredi, Najat Vallaud-Belkacem , ancienne ministre et candidate de la gauche aux prochaines \u00e9lections r\u00e9gionales \u00e9tait en visite sur notre r\u00e9gion, d\u2019Yssingeaux au Mazet le matin, au Chambon l\u2019apr\u00e8s-midi. C\u2019\u00e9tait l\u2019occasion de prendre du temps pour aller au-devant d\u2019acteurs locaux ou d\u2019\u00e9lus pr\u00e9sentant leurs derni\u00e8res r\u00e9alisations, d\u2019\u00e9changer avec eux.\u2026","rel":"","context":"Dans &quot;CALIBERT&quot;","block_context":{"text":"CALIBERT","link":"https:\/\/mazet-st-voy.com\/?cat=4"},"img":{"alt_text":"","src":"https:\/\/i0.wp.com\/mazet-st-voy.com\/wp-content\/uploads\/2021\/04\/Najat-Vallaud-Belkacem4.jpg?resize=350%2C200&ssl=1","width":350,"height":200,"srcset":"https:\/\/i0.wp.com\/mazet-st-voy.com\/wp-content\/uploads\/2021\/04\/Najat-Vallaud-Belkacem4.jpg?resize=350%2C200&ssl=1 1x, https:\/\/i0.wp.com\/mazet-st-voy.com\/wp-content\/uploads\/2021\/04\/Najat-Vallaud-Belkacem4.jpg?resize=525%2C300&ssl=1 1.5x, https:\/\/i0.wp.com\/mazet-st-voy.com\/wp-content\/uploads\/2021\/04\/Najat-Vallaud-Belkacem4.jpg?resize=700%2C400&ssl=1 2x, https:\/\/i0.wp.com\/mazet-st-voy.com\/wp-content\/uploads\/2021\/04\/Najat-Vallaud-Belkacem4.jpg?resize=1050%2C600&ssl=1 3x, https:\/\/i0.wp.com\/mazet-st-voy.com\/wp-content\/uploads\/2021\/04\/Najat-Vallaud-Belkacem4.jpg?resize=1400%2C800&ssl=1 4x"},"classes":[]},{"id":2446,"url":"https:\/\/mazet-st-voy.com\/?p=2446","url_meta":{"origin":2273,"position":3},"title":"Bodie en Concert au Calibert : 18 octobre \u00e0 20h30","author":"admin9404","date":"15 octobre 2019","format":false,"excerpt":"Le festival \"Le chant des sucs\" fait escale au Mazet-Saint-Voy prochainement: Bodie sera en concert vendredi 18 octobre au Calibert \u00e0 20h30! Trois s\u0153urs en cavale, originaires de la ville fant\u00f4me de Bodie, donnent des concerts clandestins pour \u00e9chapper \u00e0 la police. Leurs noms : Blanche, Andr\u00e9e et Imog\u00e8ne. Si\u2026","rel":"","context":"Dans &quot;CALIBERT&quot;","block_context":{"text":"CALIBERT","link":"https:\/\/mazet-st-voy.com\/?cat=4"},"img":{"alt_text":"","src":"https:\/\/i0.wp.com\/mazet-st-voy.com\/wp-content\/uploads\/2019\/10\/concert-bodie.jpg?resize=350%2C200&ssl=1","width":350,"height":200,"srcset":"https:\/\/i0.wp.com\/mazet-st-voy.com\/wp-content\/uploads\/2019\/10\/concert-bodie.jpg?resize=350%2C200&ssl=1 1x, https:\/\/i0.wp.com\/mazet-st-voy.com\/wp-content\/uploads\/2019\/10\/concert-bodie.jpg?resize=525%2C300&ssl=1 1.5x"},"classes":[]},{"id":2470,"url":"https:\/\/mazet-st-voy.com\/?p=2470","url_meta":{"origin":2273,"position":4},"title":"Inspecteur Toutou et le miroir magique","author":"admin9404","date":"18 d\u00e9cembre 2019","format":false,"excerpt":"\u00a0 Ama Th\u00e9\u00e2tre et Calibert en sc\u00e8ne ont le plaisir de vous inviter \u00e0 une repr\u00e9sentation de la pi\u00e8ce \"Inspecteur Toutou: le miroir magique\" d'apr\u00e8s le texte de Pierre Gripari: samedi 21 d\u00e9cembre \u00e0 17h00 au Calibert. ********** Quand les h\u00e9ros des contes traditionnels ont besoin d\u2019aide pourpoursuivre leurs histoires\u2026","rel":"","context":"Dans &quot;CALIBERT&quot;","block_context":{"text":"CALIBERT","link":"https:\/\/mazet-st-voy.com\/?cat=4"},"img":{"alt_text":"","src":"https:\/\/i0.wp.com\/mazet-st-voy.com\/wp-content\/uploads\/2019\/12\/Affiche-Mazet.jpg?resize=350%2C200&ssl=1","width":350,"height":200,"srcset":"https:\/\/i0.wp.com\/mazet-st-voy.com\/wp-content\/uploads\/2019\/12\/Affiche-Mazet.jpg?resize=350%2C200&ssl=1 1x, https:\/\/i0.wp.com\/mazet-st-voy.com\/wp-content\/uploads\/2019\/12\/Affiche-Mazet.jpg?resize=525%2C300&ssl=1 1.5x, https:\/\/i0.wp.com\/mazet-st-voy.com\/wp-content\/uploads\/2019\/12\/Affiche-Mazet.jpg?resize=700%2C400&ssl=1 2x, https:\/\/i0.wp.com\/mazet-st-voy.com\/wp-content\/uploads\/2019\/12\/Affiche-Mazet.jpg?resize=1050%2C600&ssl=1 3x, https:\/\/i0.wp.com\/mazet-st-voy.com\/wp-content\/uploads\/2019\/12\/Affiche-Mazet.jpg?resize=1400%2C800&ssl=1 4x"},"classes":[]},{"id":2182,"url":"https:\/\/mazet-st-voy.com\/?p=2182","url_meta":{"origin":2273,"position":5},"title":"Concert Hommage \u00e0 Johnny Hallyday : Samedi 6 Avril \u00e0 20h30 au Calibert","author":"admin9404","date":"27 mars 2019","format":false,"excerpt":"Samedi 6 avril \u00e0 20h30 au Calibert Concert hommage \u00e0 Johnny HALLYDAY avec le groupe Tennessee","rel":"","context":"Dans &quot;CALIBERT&quot;","block_context":{"text":"CALIBERT","link":"https:\/\/mazet-st-voy.com\/?cat=4"},"img":{"alt_text":"","src":"https:\/\/i0.wp.com\/mazet-st-voy.com\/wp-content\/uploads\/2019\/03\/affiche-tennessee.jpg?resize=350%2C200&ssl=1","width":350,"height":200,"srcset":"https:\/\/i0.wp.com\/mazet-st-voy.com\/wp-content\/uploads\/2019\/03\/affiche-tennessee.jpg?resize=350%2C200&ssl=1 1x, https:\/\/i0.wp.com\/mazet-st-voy.com\/wp-content\/uploads\/2019\/03\/affiche-tennessee.jpg?resize=525%2C300&ssl=1 1.5x, https:\/\/i0.wp.com\/mazet-st-voy.com\/wp-content\/uploads\/2019\/03\/affiche-tennessee.jpg?resize=700%2C400&ssl=1 2x, https:\/\/i0.wp.com\/mazet-st-voy.com\/wp-content\/uploads\/2019\/03\/affiche-tennessee.jpg?resize=1050%2C600&ssl=1 3x"},"classes":[]}],"_links":{"self":[{"href":"https:\/\/mazet-st-voy.com\/index.php?rest_route=\/wp\/v2\/posts\/2273","targetHints":{"allow":["GET"]}}],"collection":[{"href":"https:\/\/mazet-st-voy.com\/index.php?rest_route=\/wp\/v2\/posts"}],"about":[{"href":"https:\/\/mazet-st-voy.com\/index.php?rest_route=\/wp\/v2\/types\/post"}],"author":[{"embeddable":true,"href":"https:\/\/mazet-st-voy.com\/index.php?rest_route=\/wp\/v2\/users\/1"}],"replies":[{"embeddable":true,"href":"https:\/\/mazet-st-voy.com\/index.php?rest_route=%2Fwp%2Fv2%2Fcomments&post=2273"}],"version-history":[{"count":1,"href":"https:\/\/mazet-st-voy.com\/index.php?rest_route=\/wp\/v2\/posts\/2273\/revisions"}],"predecessor-version":[{"id":2274,"href":"https:\/\/mazet-st-voy.com\/index.php?rest_route=\/wp\/v2\/posts\/2273\/revisions\/2274"}],"wp:attachment":[{"href":"https:\/\/mazet-st-voy.com\/index.php?rest_route=%2Fwp%2Fv2%2Fmedia&parent=2273"}],"wp:term":[{"taxonomy":"category","embeddable":true,"href":"https:\/\/mazet-st-voy.com\/index.php?rest_route=%2Fwp%2Fv2%2Fcategories&post=2273"},{"taxonomy":"post_tag","embeddable":true,"href":"https:\/\/mazet-st-voy.com\/index.php?rest_route=%2Fwp%2Fv2%2Ftags&post=2273"}],"curies":[{"name":"wp","href":"https:\/\/api.w.org\/{rel}","templated":true}]}}