{"id":2283,"date":"2019-06-08T10:43:34","date_gmt":"2019-06-08T08:43:34","guid":{"rendered":"https:\/\/mazet-st-voy.com\/?p=2283"},"modified":"2019-06-12T09:04:28","modified_gmt":"2019-06-12T07:04:28","slug":"soupe-au-choux-le-15-juin-a-partir-de-19h-place-de-la-mairie","status":"publish","type":"post","link":"https:\/\/mazet-st-voy.com\/?p=2283","title":{"rendered":"Soupe au Choux: Samedi 15 juin \u00e0 partir de 19h place de la Mairie"},"content":{"rendered":"\n<figure class=\"wp-block-image\"><img loading=\"lazy\" decoding=\"async\" width=\"1240\" height=\"1754\" src=\"https:\/\/i2.wp.com\/mazet-st-voy.com\/wp-content\/uploads\/2019\/06\/Soupe-au-Choux.jpg?fit=724%2C1024&amp;ssl=1\" alt=\"\" class=\"wp-image-2284\" srcset=\"https:\/\/i0.wp.com\/mazet-st-voy.com\/wp-content\/uploads\/2019\/06\/Soupe-au-Choux.jpg?w=1240&amp;ssl=1 1240w, https:\/\/i0.wp.com\/mazet-st-voy.com\/wp-content\/uploads\/2019\/06\/Soupe-au-Choux.jpg?resize=212%2C300&amp;ssl=1 212w, https:\/\/i0.wp.com\/mazet-st-voy.com\/wp-content\/uploads\/2019\/06\/Soupe-au-Choux.jpg?resize=768%2C1086&amp;ssl=1 768w, https:\/\/i0.wp.com\/mazet-st-voy.com\/wp-content\/uploads\/2019\/06\/Soupe-au-Choux.jpg?resize=724%2C1024&amp;ssl=1 724w\" sizes=\"auto, (max-width: 1200px) 100vw, 1200px\" \/><\/figure>\n","protected":false},"excerpt":{"rendered":"","protected":false},"author":1,"featured_media":0,"comment_status":"closed","ping_status":"open","sticky":false,"template":"","format":"standard","meta":{"ngg_post_thumbnail":0,"_jetpack_memberships_contains_paid_content":false,"footnotes":"","jetpack_publicize_message":"","jetpack_publicize_feature_enabled":true,"jetpack_social_post_already_shared":true,"jetpack_social_options":{"image_generator_settings":{"template":"highway","default_image_id":0,"font":"","enabled":false},"version":2}},"categories":[13],"tags":[],"class_list":["post-2283","post","type-post","status-publish","format-standard","hentry","category-vie-associative","entry"],"aioseo_notices":[],"jetpack_publicize_connections":[],"jetpack_featured_media_url":"","jetpack_shortlink":"https:\/\/wp.me\/padW9w-AP","jetpack_sharing_enabled":true,"jetpack-related-posts":[{"id":2353,"url":"https:\/\/mazet-st-voy.com\/?p=2353","url_meta":{"origin":2283,"position":0},"title":"Soir\u00e9e Sarassou : samedi 3 ao\u00fbt","author":"admin9404","date":"30 juillet 2019","format":false,"excerpt":"TRADITIONNELLE SOIR\u00c9E SARASSOU SAMEDI 3 AOUT AU MAZET-ST-VOY Comme chaque ann\u00e9e l'Association des Parents d'El\u00e8ves de l'\u00e9cole du Mazet et le club AS Mazet Chambon organisent la soir\u00e9e Sarassou le Samedi 3 Aout \u00e0 la Salle du Garay \u00e0 la Costette. Cette soir\u00e9e familiale est l'occasion de passer un agr\u00e9able\u2026","rel":"","context":"Dans &quot;TERROIR&quot;","block_context":{"text":"TERROIR","link":"https:\/\/mazet-st-voy.com\/?cat=15"},"img":{"alt_text":"","src":"","width":0,"height":0},"classes":[]},{"id":2287,"url":"https:\/\/mazet-st-voy.com\/?p=2287","url_meta":{"origin":2283,"position":1},"title":"F\u00eate de la Musique : Samedi 22 juin \u00e0 partir de 16h30","author":"admin9404","date":"12 juin 2019","format":false,"excerpt":"","rel":"","context":"Dans &quot;CULTURE&quot;","block_context":{"text":"CULTURE","link":"https:\/\/mazet-st-voy.com\/?cat=10"},"img":{"alt_text":"","src":"https:\/\/i0.wp.com\/mazet-st-voy.com\/wp-content\/uploads\/2019\/06\/F%C3%AAte-de-la-musique-au-Mazet.jpg?resize=350%2C200&ssl=1","width":350,"height":200,"srcset":"https:\/\/i0.wp.com\/mazet-st-voy.com\/wp-content\/uploads\/2019\/06\/F%C3%AAte-de-la-musique-au-Mazet.jpg?resize=350%2C200&ssl=1 1x, https:\/\/i0.wp.com\/mazet-st-voy.com\/wp-content\/uploads\/2019\/06\/F%C3%AAte-de-la-musique-au-Mazet.jpg?resize=525%2C300&ssl=1 1.5x, https:\/\/i0.wp.com\/mazet-st-voy.com\/wp-content\/uploads\/2019\/06\/F%C3%AAte-de-la-musique-au-Mazet.jpg?resize=700%2C400&ssl=1 2x"},"classes":[]},{"id":2380,"url":"https:\/\/mazet-st-voy.com\/?p=2380","url_meta":{"origin":2283,"position":2},"title":"Fermeture Mairie","author":"admin9404","date":"10 ao\u00fbt 2019","format":false,"excerpt":"Le secr\u00e9tariat de Mairie sera ferm\u00e9e du 15 au 17 ao\u00fbt et le 21 ao\u00fbt. Une permanence sera assur\u00e9e par les \u00e9lus le samedi 17 ao\u00fbt de 11h \u00e0 12h.","rel":"","context":"Dans &quot;INFORMATION&quot;","block_context":{"text":"INFORMATION","link":"https:\/\/mazet-st-voy.com\/?cat=18"},"img":{"alt_text":"","src":"","width":0,"height":0},"classes":[]},{"id":2531,"url":"https:\/\/mazet-st-voy.com\/?p=2531","url_meta":{"origin":2283,"position":3},"title":"DISTRIBUTION DE MASQUES","author":"admin9404","date":"9 mai 2020","format":false,"excerpt":"Des masques fournis par la Conseil D\u00e9partemental et le Conseil R\u00e9gional sont arriv\u00e9s en Mairie en cette fin de semaine. \u00a0Ils seront remis \u00e0 la population au secr\u00e9tariat de Mairie d\u00e8s ce lundi 11 mai de 10H \u00e0 12H et de 15H \u00e0 18H, puis mardi et jeudi aux m\u00eames\u2026","rel":"","context":"Dans &quot;VIE MUNICIPALE&quot;","block_context":{"text":"VIE MUNICIPALE","link":"https:\/\/mazet-st-voy.com\/?cat=9"},"img":{"alt_text":"","src":"","width":0,"height":0},"classes":[]},{"id":2430,"url":"https:\/\/mazet-st-voy.com\/?p=2430","url_meta":{"origin":2283,"position":4},"title":"Fermeture Mairie","author":"admin9404","date":"21 septembre 2019","format":false,"excerpt":"Le secr\u00e9tariat de Mairie sera exceptionnellement ferm\u00e9 Les mercredis 25\/09 et 2\/04 Le vendredi 27\/09 Le samedi 28\/09 \u00a0 Une permanence sera tenue le Samedi 28\/09 \u00e0 partir de 11h","rel":"","context":"Dans &quot;INFORMATION&quot;","block_context":{"text":"INFORMATION","link":"https:\/\/mazet-st-voy.com\/?cat=18"},"img":{"alt_text":"","src":"","width":0,"height":0},"classes":[]},{"id":2301,"url":"https:\/\/mazet-st-voy.com\/?p=2301","url_meta":{"origin":2283,"position":5},"title":"March\u00e9 terroir : le 21 juin","author":"admin9404","date":"15 juin 2019","format":false,"excerpt":"Un march\u00e9 terroir se tiendra Place de la Mairie le 21 juin \u00e0 partir de 17h.","rel":"","context":"Dans &quot;TERROIR&quot;","block_context":{"text":"TERROIR","link":"https:\/\/mazet-st-voy.com\/?cat=15"},"img":{"alt_text":"","src":"","width":0,"height":0},"classes":[]}],"_links":{"self":[{"href":"https:\/\/mazet-st-voy.com\/index.php?rest_route=\/wp\/v2\/posts\/2283","targetHints":{"allow":["GET"]}}],"collection":[{"href":"https:\/\/mazet-st-voy.com\/index.php?rest_route=\/wp\/v2\/posts"}],"about":[{"href":"https:\/\/mazet-st-voy.com\/index.php?rest_route=\/wp\/v2\/types\/post"}],"author":[{"embeddable":true,"href":"https:\/\/mazet-st-voy.com\/index.php?rest_route=\/wp\/v2\/users\/1"}],"replies":[{"embeddable":true,"href":"https:\/\/mazet-st-voy.com\/index.php?rest_route=%2Fwp%2Fv2%2Fcomments&post=2283"}],"version-history":[{"count":3,"href":"https:\/\/mazet-st-voy.com\/index.php?rest_route=\/wp\/v2\/posts\/2283\/revisions"}],"predecessor-version":[{"id":2291,"href":"https:\/\/mazet-st-voy.com\/index.php?rest_route=\/wp\/v2\/posts\/2283\/revisions\/2291"}],"wp:attachment":[{"href":"https:\/\/mazet-st-voy.com\/index.php?rest_route=%2Fwp%2Fv2%2Fmedia&parent=2283"}],"wp:term":[{"taxonomy":"category","embeddable":true,"href":"https:\/\/mazet-st-voy.com\/index.php?rest_route=%2Fwp%2Fv2%2Fcategories&post=2283"},{"taxonomy":"post_tag","embeddable":true,"href":"https:\/\/mazet-st-voy.com\/index.php?rest_route=%2Fwp%2Fv2%2Ftags&post=2283"}],"curies":[{"name":"wp","href":"https:\/\/api.w.org\/{rel}","templated":true}]}}