{"id":2287,"date":"2019-06-12T09:03:08","date_gmt":"2019-06-12T07:03:08","guid":{"rendered":"https:\/\/mazet-st-voy.com\/?p=2287"},"modified":"2019-06-12T09:05:42","modified_gmt":"2019-06-12T07:05:42","slug":"fete-de-la-musique-samedi-22-juin-a-partir-de-16h30","status":"publish","type":"post","link":"https:\/\/mazet-st-voy.com\/?p=2287","title":{"rendered":"F\u00eate de la Musique : Samedi 22 juin \u00e0 partir de 16h30"},"content":{"rendered":"\n<figure class=\"wp-block-image\"><img loading=\"lazy\" decoding=\"async\" width=\"1000\" height=\"1415\" src=\"https:\/\/i2.wp.com\/mazet-st-voy.com\/wp-content\/uploads\/2019\/06\/F\u00eate-de-la-musique-au-Mazet.jpg?fit=724%2C1024&amp;ssl=1\" alt=\"\" class=\"wp-image-2288\" srcset=\"https:\/\/i0.wp.com\/mazet-st-voy.com\/wp-content\/uploads\/2019\/06\/F%C3%AAte-de-la-musique-au-Mazet.jpg?w=1000&amp;ssl=1 1000w, https:\/\/i0.wp.com\/mazet-st-voy.com\/wp-content\/uploads\/2019\/06\/F%C3%AAte-de-la-musique-au-Mazet.jpg?resize=212%2C300&amp;ssl=1 212w, https:\/\/i0.wp.com\/mazet-st-voy.com\/wp-content\/uploads\/2019\/06\/F%C3%AAte-de-la-musique-au-Mazet.jpg?resize=768%2C1087&amp;ssl=1 768w, https:\/\/i0.wp.com\/mazet-st-voy.com\/wp-content\/uploads\/2019\/06\/F%C3%AAte-de-la-musique-au-Mazet.jpg?resize=724%2C1024&amp;ssl=1 724w\" sizes=\"auto, (max-width: 1000px) 100vw, 1000px\" \/><\/figure>\n","protected":false},"excerpt":{"rendered":"","protected":false},"author":1,"featured_media":0,"comment_status":"closed","ping_status":"open","sticky":false,"template":"","format":"standard","meta":{"ngg_post_thumbnail":0,"_jetpack_memberships_contains_paid_content":false,"footnotes":"","jetpack_publicize_message":"","jetpack_publicize_feature_enabled":true,"jetpack_social_post_already_shared":true,"jetpack_social_options":{"image_generator_settings":{"template":"highway","default_image_id":0,"font":"","enabled":false},"version":2}},"categories":[10,13],"tags":[],"class_list":["post-2287","post","type-post","status-publish","format-standard","hentry","category-culture","category-vie-associative","entry"],"aioseo_notices":[],"jetpack_publicize_connections":[],"jetpack_featured_media_url":"","jetpack_shortlink":"https:\/\/wp.me\/padW9w-AT","jetpack_sharing_enabled":true,"jetpack-related-posts":[{"id":2283,"url":"https:\/\/mazet-st-voy.com\/?p=2283","url_meta":{"origin":2287,"position":0},"title":"Soupe au Choux: Samedi 15 juin \u00e0 partir de 19h place de la Mairie","author":"admin9404","date":"8 juin 2019","format":false,"excerpt":"","rel":"","context":"Dans &quot;VIE ASSOCIATIVE&quot;","block_context":{"text":"VIE ASSOCIATIVE","link":"https:\/\/mazet-st-voy.com\/?cat=13"},"img":{"alt_text":"","src":"https:\/\/i0.wp.com\/mazet-st-voy.com\/wp-content\/uploads\/2019\/06\/Soupe-au-Choux.jpg?resize=350%2C200&ssl=1","width":350,"height":200,"srcset":"https:\/\/i0.wp.com\/mazet-st-voy.com\/wp-content\/uploads\/2019\/06\/Soupe-au-Choux.jpg?resize=350%2C200&ssl=1 1x, https:\/\/i0.wp.com\/mazet-st-voy.com\/wp-content\/uploads\/2019\/06\/Soupe-au-Choux.jpg?resize=525%2C300&ssl=1 1.5x, https:\/\/i0.wp.com\/mazet-st-voy.com\/wp-content\/uploads\/2019\/06\/Soupe-au-Choux.jpg?resize=700%2C400&ssl=1 2x, https:\/\/i0.wp.com\/mazet-st-voy.com\/wp-content\/uploads\/2019\/06\/Soupe-au-Choux.jpg?resize=1050%2C600&ssl=1 3x"},"classes":[]},{"id":2353,"url":"https:\/\/mazet-st-voy.com\/?p=2353","url_meta":{"origin":2287,"position":1},"title":"Soir\u00e9e Sarassou : samedi 3 ao\u00fbt","author":"admin9404","date":"30 juillet 2019","format":false,"excerpt":"TRADITIONNELLE SOIR\u00c9E SARASSOU SAMEDI 3 AOUT AU MAZET-ST-VOY Comme chaque ann\u00e9e l'Association des Parents d'El\u00e8ves de l'\u00e9cole du Mazet et le club AS Mazet Chambon organisent la soir\u00e9e Sarassou le Samedi 3 Aout \u00e0 la Salle du Garay \u00e0 la Costette. Cette soir\u00e9e familiale est l'occasion de passer un agr\u00e9able\u2026","rel":"","context":"Dans &quot;TERROIR&quot;","block_context":{"text":"TERROIR","link":"https:\/\/mazet-st-voy.com\/?cat=15"},"img":{"alt_text":"","src":"","width":0,"height":0},"classes":[]},{"id":3454,"url":"https:\/\/mazet-st-voy.com\/?p=3454","url_meta":{"origin":2287,"position":2},"title":"Repas des b\u00e9n\u00e9voles de la f\u00eate du village","author":"admin9404","date":"30 octobre 2023","format":false,"excerpt":"Dimanche 22 Octobre 2023, plus de 110 personnes au repas de remerciement pour la participation des b\u00e9n\u00e9voles \u00e0 la f\u00eate du village. Le comit\u00e9 d'animation s'\u00e9tait \u00a0install\u00e9 \u00e0 la \"r\u00e9sidence du Lisieux \"pour concocter le repas, r\u00e9partir les tables et servir l'ap\u00e9ritif. Apr\u00e8s un discours de remerciement du Maire Alain\u2026","rel":"","context":"Dans &quot;Non class\u00e9&quot;","block_context":{"text":"Non class\u00e9","link":"https:\/\/mazet-st-voy.com\/?cat=1"},"img":{"alt_text":"","src":"https:\/\/i0.wp.com\/mazet-st-voy.com\/wp-content\/uploads\/2023\/10\/2023-repas-des-benevoles15-Moyenne-1-300x225.jpeg?resize=350%2C200&ssl=1","width":350,"height":200},"classes":[]},{"id":2130,"url":"https:\/\/mazet-st-voy.com\/?p=2130","url_meta":{"origin":2287,"position":3},"title":"Concert du Kirk Joseph&rsquo;s French Backyard Groove, le samedi 02 f\u00e9vrier \u00e0 20h30","author":"admin9404","date":"24 janvier 2019","format":false,"excerpt":"Kirk Joseph, le roi du sousaphone de la Nouvelle-Orl\u00e9ans, f\u00eate cette ann\u00e9e ses 40 ans de tourn\u00e9e avec son groupe l\u00e9gendaire: le Dirty Dozen Brass Band. Son groove et sa dext\u00e9rit\u00e9 sur ce si gros instrument qu'est le sousaphone sont une r\u00e9f\u00e9rence mondiale. Il est en France au d\u00e9but de\u2026","rel":"","context":"Dans &quot;CALIBERT&quot;","block_context":{"text":"CALIBERT","link":"https:\/\/mazet-st-voy.com\/?cat=4"},"img":{"alt_text":"","src":"https:\/\/i0.wp.com\/mazet-st-voy.com\/wp-content\/uploads\/2019\/01\/Soir%C3%A9e-Kirk-Joseph-2.jpg?resize=350%2C200&ssl=1","width":350,"height":200,"srcset":"https:\/\/i0.wp.com\/mazet-st-voy.com\/wp-content\/uploads\/2019\/01\/Soir%C3%A9e-Kirk-Joseph-2.jpg?resize=350%2C200&ssl=1 1x, https:\/\/i0.wp.com\/mazet-st-voy.com\/wp-content\/uploads\/2019\/01\/Soir%C3%A9e-Kirk-Joseph-2.jpg?resize=525%2C300&ssl=1 1.5x, https:\/\/i0.wp.com\/mazet-st-voy.com\/wp-content\/uploads\/2019\/01\/Soir%C3%A9e-Kirk-Joseph-2.jpg?resize=700%2C400&ssl=1 2x, https:\/\/i0.wp.com\/mazet-st-voy.com\/wp-content\/uploads\/2019\/01\/Soir%C3%A9e-Kirk-Joseph-2.jpg?resize=1050%2C600&ssl=1 3x, https:\/\/i0.wp.com\/mazet-st-voy.com\/wp-content\/uploads\/2019\/01\/Soir%C3%A9e-Kirk-Joseph-2.jpg?resize=1400%2C800&ssl=1 4x"},"classes":[]},{"id":2257,"url":"https:\/\/mazet-st-voy.com\/?p=2257","url_meta":{"origin":2287,"position":4},"title":"Tournoi Ecole de Foot : Samedi 25 Mai","author":"admin9404","date":"18 mai 2019","format":false,"excerpt":"","rel":"","context":"Dans &quot;SPORT&quot;","block_context":{"text":"SPORT","link":"https:\/\/mazet-st-voy.com\/?cat=11"},"img":{"alt_text":"","src":"https:\/\/i0.wp.com\/mazet-st-voy.com\/wp-content\/uploads\/2019\/05\/tournoi-de-foot.jpg?resize=350%2C200&ssl=1","width":350,"height":200,"srcset":"https:\/\/i0.wp.com\/mazet-st-voy.com\/wp-content\/uploads\/2019\/05\/tournoi-de-foot.jpg?resize=350%2C200&ssl=1 1x, https:\/\/i0.wp.com\/mazet-st-voy.com\/wp-content\/uploads\/2019\/05\/tournoi-de-foot.jpg?resize=525%2C300&ssl=1 1.5x, https:\/\/i0.wp.com\/mazet-st-voy.com\/wp-content\/uploads\/2019\/05\/tournoi-de-foot.jpg?resize=700%2C400&ssl=1 2x, https:\/\/i0.wp.com\/mazet-st-voy.com\/wp-content\/uploads\/2019\/05\/tournoi-de-foot.jpg?resize=1050%2C600&ssl=1 3x"},"classes":[]},{"id":3354,"url":"https:\/\/mazet-st-voy.com\/?p=3354","url_meta":{"origin":2287,"position":5},"title":"L&rsquo;ancien piano de la commune est offert aux \u00ab\u00a0Gen\u00eats\u00a0\u00bb.. Jacqueline heureuse de le tester pour le bonheur des r\u00e9sidents&#8230;&#8230;","author":"admin9404","date":"13 mai 2023","format":false,"excerpt":"","rel":"","context":"Dans &quot;CULTURE&quot;","block_context":{"text":"CULTURE","link":"https:\/\/mazet-st-voy.com\/?cat=10"},"img":{"alt_text":"","src":"https:\/\/i0.wp.com\/mazet-st-voy.com\/wp-content\/uploads\/2023\/05\/DSCF9505-1-scaled.jpg?resize=350%2C200&ssl=1","width":350,"height":200,"srcset":"https:\/\/i0.wp.com\/mazet-st-voy.com\/wp-content\/uploads\/2023\/05\/DSCF9505-1-scaled.jpg?resize=350%2C200&ssl=1 1x, https:\/\/i0.wp.com\/mazet-st-voy.com\/wp-content\/uploads\/2023\/05\/DSCF9505-1-scaled.jpg?resize=525%2C300&ssl=1 1.5x, https:\/\/i0.wp.com\/mazet-st-voy.com\/wp-content\/uploads\/2023\/05\/DSCF9505-1-scaled.jpg?resize=700%2C400&ssl=1 2x, https:\/\/i0.wp.com\/mazet-st-voy.com\/wp-content\/uploads\/2023\/05\/DSCF9505-1-scaled.jpg?resize=1050%2C600&ssl=1 3x, https:\/\/i0.wp.com\/mazet-st-voy.com\/wp-content\/uploads\/2023\/05\/DSCF9505-1-scaled.jpg?resize=1400%2C800&ssl=1 4x"},"classes":[]}],"_links":{"self":[{"href":"https:\/\/mazet-st-voy.com\/index.php?rest_route=\/wp\/v2\/posts\/2287","targetHints":{"allow":["GET"]}}],"collection":[{"href":"https:\/\/mazet-st-voy.com\/index.php?rest_route=\/wp\/v2\/posts"}],"about":[{"href":"https:\/\/mazet-st-voy.com\/index.php?rest_route=\/wp\/v2\/types\/post"}],"author":[{"embeddable":true,"href":"https:\/\/mazet-st-voy.com\/index.php?rest_route=\/wp\/v2\/users\/1"}],"replies":[{"embeddable":true,"href":"https:\/\/mazet-st-voy.com\/index.php?rest_route=%2Fwp%2Fv2%2Fcomments&post=2287"}],"version-history":[{"count":1,"href":"https:\/\/mazet-st-voy.com\/index.php?rest_route=\/wp\/v2\/posts\/2287\/revisions"}],"predecessor-version":[{"id":2289,"href":"https:\/\/mazet-st-voy.com\/index.php?rest_route=\/wp\/v2\/posts\/2287\/revisions\/2289"}],"wp:attachment":[{"href":"https:\/\/mazet-st-voy.com\/index.php?rest_route=%2Fwp%2Fv2%2Fmedia&parent=2287"}],"wp:term":[{"taxonomy":"category","embeddable":true,"href":"https:\/\/mazet-st-voy.com\/index.php?rest_route=%2Fwp%2Fv2%2Fcategories&post=2287"},{"taxonomy":"post_tag","embeddable":true,"href":"https:\/\/mazet-st-voy.com\/index.php?rest_route=%2Fwp%2Fv2%2Ftags&post=2287"}],"curies":[{"name":"wp","href":"https:\/\/api.w.org\/{rel}","templated":true}]}}