{"id":2341,"date":"2019-07-24T16:01:40","date_gmt":"2019-07-24T14:01:40","guid":{"rendered":"https:\/\/mazet-st-voy.com\/?p=2341"},"modified":"2019-07-24T16:02:57","modified_gmt":"2019-07-24T14:02:57","slug":"randolipette-25-juillet","status":"publish","type":"post","link":"https:\/\/mazet-st-voy.com\/?p=2341","title":{"rendered":"Randolipette : 25 juillet"},"content":{"rendered":"\n<p>Rappel ce jeudi <em><strong>randolipette<\/strong> <\/em>au jardin botanique, \u00e0 l\u2019ombre !<\/p>\n<p>c\u2019est \u00e0 10 h (rendez vous \u00e0 9 h 45 \u00e0 la biblioth\u00e8que) , gratuit, sur r\u00e9servation, pour enfants de 2 \u00e0 7 ans et leur accompagnateur.<\/p>\n<p><a href=\"https:\/\/www.lacommere43.fr\/haut-lignon\/item\/24529-les-randolipettes-le-best-of-des-histoires-pour-les-enfants.html\">https:\/\/www.lacommere43.fr\/haut-lignon\/item\/24529-les-randolipettes-le-best-of-des-histoires-pour-les-enfants.html<\/a><\/p>\n<p>&nbsp;<\/p>\n","protected":false},"excerpt":{"rendered":"<p>Rappel ce jeudi randolipette au jardin botanique, \u00e0 l\u2019ombre ! c\u2019est \u00e0 10 h (rendez vous \u00e0 9 h 45 \u00e0 la biblioth\u00e8que) , gratuit, sur r\u00e9servation, pour enfants de 2 \u00e0 7 ans et leur accompagnateur. https:\/\/www.lacommere43.fr\/haut-lignon\/item\/24529-les-randolipettes-le-best-of-des-histoires-pour-les-enfants.html &nbsp;<\/p>\n","protected":false},"author":1,"featured_media":0,"comment_status":"closed","ping_status":"open","sticky":false,"template":"","format":"standard","meta":{"ngg_post_thumbnail":0,"_jetpack_memberships_contains_paid_content":false,"footnotes":"","jetpack_publicize_message":"","jetpack_publicize_feature_enabled":true,"jetpack_social_post_already_shared":true,"jetpack_social_options":{"image_generator_settings":{"template":"highway","default_image_id":0,"font":"","enabled":false},"version":2}},"categories":[12],"tags":[],"class_list":["post-2341","post","type-post","status-publish","format-standard","hentry","category-jeunesse","entry"],"aioseo_notices":[],"jetpack_publicize_connections":[],"jetpack_featured_media_url":"","jetpack_shortlink":"https:\/\/wp.me\/padW9w-BL","jetpack_sharing_enabled":true,"jetpack-related-posts":[{"id":2516,"url":"https:\/\/mazet-st-voy.com\/?p=2516","url_meta":{"origin":2341,"position":0},"title":"INFORMATIONS COVID-19","author":"admin9404","date":"21 mars 2020","format":false,"excerpt":"Vous trouverez ci-dessous quelques informations et rappel concernant, ce qu\u2019il est possible de faire ou de ne pas faire pendant cette p\u00e9riode de confinement\u00a0: Quelles sont les sorties possibles ou pas Les sorties indispensables \u00e0 l\u2019\u00e9quilibre des enfants, le sport et l\u2019activit\u00e9 physique individuels dans les espaces ouverts, sont autoris\u00e9s\u2026","rel":"","context":"Dans &quot;INFORMATION&quot;","block_context":{"text":"INFORMATION","link":"https:\/\/mazet-st-voy.com\/?cat=18"},"img":{"alt_text":"","src":"","width":0,"height":0},"classes":[]},{"id":3503,"url":"https:\/\/mazet-st-voy.com\/?p=3503","url_meta":{"origin":2341,"position":1},"title":"Voeux du Maire Alain Debard","author":"admin9404","date":"26 janvier 2024","format":false,"excerpt":"Dans le bilan de l\u2019ann\u00e9e 2023 il faut mentionner que nous avons \u00e9t\u00e9 retenus \u00ab\u00a0Village d\u2019avenir\u00a0\u00bb, avec 35 autres communes rurales en Haute-Loire, pour un accompagnement dans nos projets. Ce classement nous permettra de b\u00e9n\u00e9ficier d\u2019une assistance gratuite sur ces projets et surtout la r\u00e9novation du carrefour central avec ses\u2026","rel":"","context":"Dans &quot;VIE MUNICIPALE&quot;","block_context":{"text":"VIE MUNICIPALE","link":"https:\/\/mazet-st-voy.com\/?cat=9"},"img":{"alt_text":"","src":"https:\/\/i0.wp.com\/mazet-st-voy.com\/wp-content\/uploads\/2024\/01\/voeux1-300x225.jpg?resize=350%2C200&ssl=1","width":350,"height":200},"classes":[]},{"id":2125,"url":"https:\/\/mazet-st-voy.com\/?p=2125","url_meta":{"origin":2341,"position":2},"title":"Le film \u00ab\u00a0Black Indians\u00a0\u00bb sera diffus\u00e9 au Calibert vendredi 01 f\u00e9vrier \u00e0 20h00","author":"admin9404","date":"24 janvier 2019","format":false,"excerpt":"\"Black Indians suit pendant un an des personnages fabuleux de la Nouvelle Orl\u00e9ans. Ce sont des Black Indians. Ils font partie des tribus noires qui d\u00e9filent dans leurs quartiers en marge du carnaval officiel, \u00e9blouissants dans leurs magnifiques costumes de perles et de plumes . Au moment o\u00f9 commence le\u2026","rel":"","context":"Dans &quot;CALIBERT&quot;","block_context":{"text":"CALIBERT","link":"https:\/\/mazet-st-voy.com\/?cat=4"},"img":{"alt_text":"","src":"https:\/\/i0.wp.com\/mazet-st-voy.com\/wp-content\/uploads\/2019\/01\/VIsuel-Indien-rouge.jpg?resize=350%2C200&ssl=1","width":350,"height":200,"srcset":"https:\/\/i0.wp.com\/mazet-st-voy.com\/wp-content\/uploads\/2019\/01\/VIsuel-Indien-rouge.jpg?resize=350%2C200&ssl=1 1x, https:\/\/i0.wp.com\/mazet-st-voy.com\/wp-content\/uploads\/2019\/01\/VIsuel-Indien-rouge.jpg?resize=525%2C300&ssl=1 1.5x, https:\/\/i0.wp.com\/mazet-st-voy.com\/wp-content\/uploads\/2019\/01\/VIsuel-Indien-rouge.jpg?resize=700%2C400&ssl=1 2x, https:\/\/i0.wp.com\/mazet-st-voy.com\/wp-content\/uploads\/2019\/01\/VIsuel-Indien-rouge.jpg?resize=1050%2C600&ssl=1 3x"},"classes":[]},{"id":3191,"url":"https:\/\/mazet-st-voy.com\/?p=3191","url_meta":{"origin":2341,"position":3},"title":"Local de stockage des dons pour les Ukrainiens arriv\u00e9s sur le village","author":"admin9404","date":"12 mars 2022","format":false,"excerpt":"Ancien local d'AMGM. \"Merci \u00e0 Etienne et Jean-Marc pour le pr\u00eat et l'aide\". \u00a0 Les \u00e9tag\u00e8res sont en place pour vos dons \u00a0et on peut stocker vos meubles..Canap\u00e9s convertibles, frigo, tables, armoires, gazini\u00e8re, alimentaire non frais, etc. \u00a0 Ce local sera g\u00e9r\u00e9 par la mairie et l'\u00e9glise du Riou Contact:\u2026","rel":"","context":"Dans &quot;URGENCE&quot;","block_context":{"text":"URGENCE","link":"https:\/\/mazet-st-voy.com\/?cat=17"},"img":{"alt_text":"","src":"https:\/\/i0.wp.com\/mazet-st-voy.com\/wp-content\/uploads\/2022\/03\/local-AMGM-scaled.jpg?resize=350%2C200&ssl=1","width":350,"height":200,"srcset":"https:\/\/i0.wp.com\/mazet-st-voy.com\/wp-content\/uploads\/2022\/03\/local-AMGM-scaled.jpg?resize=350%2C200&ssl=1 1x, https:\/\/i0.wp.com\/mazet-st-voy.com\/wp-content\/uploads\/2022\/03\/local-AMGM-scaled.jpg?resize=525%2C300&ssl=1 1.5x, https:\/\/i0.wp.com\/mazet-st-voy.com\/wp-content\/uploads\/2022\/03\/local-AMGM-scaled.jpg?resize=700%2C400&ssl=1 2x, https:\/\/i0.wp.com\/mazet-st-voy.com\/wp-content\/uploads\/2022\/03\/local-AMGM-scaled.jpg?resize=1050%2C600&ssl=1 3x, https:\/\/i0.wp.com\/mazet-st-voy.com\/wp-content\/uploads\/2022\/03\/local-AMGM-scaled.jpg?resize=1400%2C800&ssl=1 4x"},"classes":[]},{"id":2450,"url":"https:\/\/mazet-st-voy.com\/?p=2450","url_meta":{"origin":2341,"position":4},"title":"Semaine Gourmande : D\u00e9gustation \u00e0 la Halle Fermi\u00e8re","author":"admin9404","date":"23 octobre 2019","format":false,"excerpt":"Lors de la semaine Gourmande, ce Jeudi 24 Octobre de 10h \u00e0 13h\u00a0 : D\u00e9gustation avec les producteurs \u00e0 la Halle Fermi\u00e8re au Mazet. Venez d\u00e9couvrir les bien fait de la spiruline des mont d'Ard\u00e8che avec Evelyne POSSETY et rencontrer Monique LEMPEREUR pour ses infusions et ses produits \u00e0 la\u2026","rel":"","context":"Dans &quot;TERROIR&quot;","block_context":{"text":"TERROIR","link":"https:\/\/mazet-st-voy.com\/?cat=15"},"img":{"alt_text":"","src":"https:\/\/i0.wp.com\/mazet-st-voy.com\/wp-content\/uploads\/2019\/10\/semaine-gourmande.jpg?resize=350%2C200&ssl=1","width":350,"height":200,"srcset":"https:\/\/i0.wp.com\/mazet-st-voy.com\/wp-content\/uploads\/2019\/10\/semaine-gourmande.jpg?resize=350%2C200&ssl=1 1x, https:\/\/i0.wp.com\/mazet-st-voy.com\/wp-content\/uploads\/2019\/10\/semaine-gourmande.jpg?resize=525%2C300&ssl=1 1.5x, https:\/\/i0.wp.com\/mazet-st-voy.com\/wp-content\/uploads\/2019\/10\/semaine-gourmande.jpg?resize=700%2C400&ssl=1 2x"},"classes":[]},{"id":2502,"url":"https:\/\/mazet-st-voy.com\/?p=2502","url_meta":{"origin":2341,"position":5},"title":"Coronavirus mesure pour les \u00e9lections municipales","author":"admin9404","date":"13 mars 2020","format":false,"excerpt":"Dans le cadre du scrutin pour les \u00e9lections municipales du dimanche 15 mars 2020 et pour voter en toute s\u00e9curit\u00e9 et s\u00e9r\u00e9nit\u00e9, il est demand\u00e9 aux \u00e9lecteurs de se pr\u00e9senter au bureau de vote\u00a0:1 Place de la Mairie, avec\u00a0: Un stylo personnel noir ou bleu Une pi\u00e8ce d\u2019identit\u00e9 De plus\u2026","rel":"","context":"Dans &quot;Elections&quot;","block_context":{"text":"Elections","link":"https:\/\/mazet-st-voy.com\/?cat=21"},"img":{"alt_text":"","src":"https:\/\/i0.wp.com\/mazet-st-voy.com\/wp-content\/uploads\/2020\/03\/Covid-2.jpg?resize=350%2C200&ssl=1","width":350,"height":200,"srcset":"https:\/\/i0.wp.com\/mazet-st-voy.com\/wp-content\/uploads\/2020\/03\/Covid-2.jpg?resize=350%2C200&ssl=1 1x, https:\/\/i0.wp.com\/mazet-st-voy.com\/wp-content\/uploads\/2020\/03\/Covid-2.jpg?resize=525%2C300&ssl=1 1.5x, https:\/\/i0.wp.com\/mazet-st-voy.com\/wp-content\/uploads\/2020\/03\/Covid-2.jpg?resize=700%2C400&ssl=1 2x"},"classes":[]}],"_links":{"self":[{"href":"https:\/\/mazet-st-voy.com\/index.php?rest_route=\/wp\/v2\/posts\/2341","targetHints":{"allow":["GET"]}}],"collection":[{"href":"https:\/\/mazet-st-voy.com\/index.php?rest_route=\/wp\/v2\/posts"}],"about":[{"href":"https:\/\/mazet-st-voy.com\/index.php?rest_route=\/wp\/v2\/types\/post"}],"author":[{"embeddable":true,"href":"https:\/\/mazet-st-voy.com\/index.php?rest_route=\/wp\/v2\/users\/1"}],"replies":[{"embeddable":true,"href":"https:\/\/mazet-st-voy.com\/index.php?rest_route=%2Fwp%2Fv2%2Fcomments&post=2341"}],"version-history":[{"count":2,"href":"https:\/\/mazet-st-voy.com\/index.php?rest_route=\/wp\/v2\/posts\/2341\/revisions"}],"predecessor-version":[{"id":2343,"href":"https:\/\/mazet-st-voy.com\/index.php?rest_route=\/wp\/v2\/posts\/2341\/revisions\/2343"}],"wp:attachment":[{"href":"https:\/\/mazet-st-voy.com\/index.php?rest_route=%2Fwp%2Fv2%2Fmedia&parent=2341"}],"wp:term":[{"taxonomy":"category","embeddable":true,"href":"https:\/\/mazet-st-voy.com\/index.php?rest_route=%2Fwp%2Fv2%2Fcategories&post=2341"},{"taxonomy":"post_tag","embeddable":true,"href":"https:\/\/mazet-st-voy.com\/index.php?rest_route=%2Fwp%2Fv2%2Ftags&post=2341"}],"curies":[{"name":"wp","href":"https:\/\/api.w.org\/{rel}","templated":true}]}}