{"id":2394,"date":"2019-08-13T18:22:34","date_gmt":"2019-08-13T16:22:34","guid":{"rendered":"https:\/\/mazet-st-voy.com\/?p=2394"},"modified":"2019-08-13T18:22:35","modified_gmt":"2019-08-13T16:22:35","slug":"journee-festive-15-aout","status":"publish","type":"post","link":"https:\/\/mazet-st-voy.com\/?p=2394","title":{"rendered":"Journ\u00e9e Festive 15 Ao\u00fbt"},"content":{"rendered":"\n<figure class=\"wp-block-image\"><img loading=\"lazy\" decoding=\"async\" width=\"1240\" height=\"1754\" src=\"https:\/\/i0.wp.com\/mazet-st-voy.com\/wp-content\/uploads\/2019\/08\/DOC130819-13082019142633.jpg?fit=724%2C1024&amp;ssl=1\" alt=\"\" class=\"wp-image-2395\" srcset=\"https:\/\/i0.wp.com\/mazet-st-voy.com\/wp-content\/uploads\/2019\/08\/DOC130819-13082019142633.jpg?w=1240&amp;ssl=1 1240w, https:\/\/i0.wp.com\/mazet-st-voy.com\/wp-content\/uploads\/2019\/08\/DOC130819-13082019142633.jpg?resize=212%2C300&amp;ssl=1 212w, https:\/\/i0.wp.com\/mazet-st-voy.com\/wp-content\/uploads\/2019\/08\/DOC130819-13082019142633.jpg?resize=768%2C1086&amp;ssl=1 768w, https:\/\/i0.wp.com\/mazet-st-voy.com\/wp-content\/uploads\/2019\/08\/DOC130819-13082019142633.jpg?resize=724%2C1024&amp;ssl=1 724w\" sizes=\"auto, (max-width: 1200px) 100vw, 1200px\" \/><\/figure>\n","protected":false},"excerpt":{"rendered":"","protected":false},"author":1,"featured_media":0,"comment_status":"closed","ping_status":"open","sticky":false,"template":"","format":"standard","meta":{"ngg_post_thumbnail":0,"_jetpack_memberships_contains_paid_content":false,"footnotes":"","jetpack_publicize_message":"","jetpack_publicize_feature_enabled":true,"jetpack_social_post_already_shared":true,"jetpack_social_options":{"image_generator_settings":{"template":"highway","default_image_id":0,"font":"","enabled":false},"version":2}},"categories":[13],"tags":[],"class_list":["post-2394","post","type-post","status-publish","format-standard","hentry","category-vie-associative","entry"],"aioseo_notices":[],"jetpack_publicize_connections":[],"jetpack_featured_media_url":"","jetpack_shortlink":"https:\/\/wp.me\/padW9w-CC","jetpack_sharing_enabled":true,"jetpack-related-posts":[{"id":2388,"url":"https:\/\/mazet-st-voy.com\/?p=2388","url_meta":{"origin":2394,"position":0},"title":"Course de Caisses \u00e0 Savon : Dimanche 25 Ao\u00fbt","author":"admin9404","date":"10 ao\u00fbt 2019","format":false,"excerpt":"","rel":"","context":"Dans &quot;SPORT&quot;","block_context":{"text":"SPORT","link":"https:\/\/mazet-st-voy.com\/?cat=11"},"img":{"alt_text":"","src":"https:\/\/i0.wp.com\/mazet-st-voy.com\/wp-content\/uploads\/2019\/08\/Caisse-%C3%A0-Savon.jpg?resize=350%2C200&ssl=1","width":350,"height":200,"srcset":"https:\/\/i0.wp.com\/mazet-st-voy.com\/wp-content\/uploads\/2019\/08\/Caisse-%C3%A0-Savon.jpg?resize=350%2C200&ssl=1 1x, https:\/\/i0.wp.com\/mazet-st-voy.com\/wp-content\/uploads\/2019\/08\/Caisse-%C3%A0-Savon.jpg?resize=525%2C300&ssl=1 1.5x, https:\/\/i0.wp.com\/mazet-st-voy.com\/wp-content\/uploads\/2019\/08\/Caisse-%C3%A0-Savon.jpg?resize=700%2C400&ssl=1 2x, https:\/\/i0.wp.com\/mazet-st-voy.com\/wp-content\/uploads\/2019\/08\/Caisse-%C3%A0-Savon.jpg?resize=1050%2C600&ssl=1 3x"},"classes":[]},{"id":2335,"url":"https:\/\/mazet-st-voy.com\/?p=2335","url_meta":{"origin":2394,"position":1},"title":"Journ\u00e9e Jeune P\u00eacheur : dimanche 21 juillet","author":"admin9404","date":"17 juillet 2019","format":false,"excerpt":"","rel":"","context":"Dans &quot;SPORT&quot;","block_context":{"text":"SPORT","link":"https:\/\/mazet-st-voy.com\/?cat=11"},"img":{"alt_text":"","src":"https:\/\/i0.wp.com\/mazet-st-voy.com\/wp-content\/uploads\/2019\/07\/Journ%C3%A9e-peche.jpg?resize=350%2C200&ssl=1","width":350,"height":200,"srcset":"https:\/\/i0.wp.com\/mazet-st-voy.com\/wp-content\/uploads\/2019\/07\/Journ%C3%A9e-peche.jpg?resize=350%2C200&ssl=1 1x, https:\/\/i0.wp.com\/mazet-st-voy.com\/wp-content\/uploads\/2019\/07\/Journ%C3%A9e-peche.jpg?resize=525%2C300&ssl=1 1.5x, https:\/\/i0.wp.com\/mazet-st-voy.com\/wp-content\/uploads\/2019\/07\/Journ%C3%A9e-peche.jpg?resize=700%2C400&ssl=1 2x, https:\/\/i0.wp.com\/mazet-st-voy.com\/wp-content\/uploads\/2019\/07\/Journ%C3%A9e-peche.jpg?resize=1050%2C600&ssl=1 3x"},"classes":[]},{"id":2232,"url":"https:\/\/mazet-st-voy.com\/?p=2232","url_meta":{"origin":2394,"position":2},"title":"Journ\u00e9e Zumba-Fitness Football : Dimanche 12 mai","author":"admin9404","date":"4 mai 2019","format":false,"excerpt":"","rel":"","context":"Dans &quot;SPORT&quot;","block_context":{"text":"SPORT","link":"https:\/\/mazet-st-voy.com\/?cat=11"},"img":{"alt_text":"","src":"https:\/\/i0.wp.com\/mazet-st-voy.com\/wp-content\/uploads\/2019\/05\/ZUMBA-FITNESS-e1556954895115.jpg?resize=350%2C200&ssl=1","width":350,"height":200,"srcset":"https:\/\/i0.wp.com\/mazet-st-voy.com\/wp-content\/uploads\/2019\/05\/ZUMBA-FITNESS-e1556954895115.jpg?resize=350%2C200&ssl=1 1x, https:\/\/i0.wp.com\/mazet-st-voy.com\/wp-content\/uploads\/2019\/05\/ZUMBA-FITNESS-e1556954895115.jpg?resize=525%2C300&ssl=1 1.5x, https:\/\/i0.wp.com\/mazet-st-voy.com\/wp-content\/uploads\/2019\/05\/ZUMBA-FITNESS-e1556954895115.jpg?resize=700%2C400&ssl=1 2x, https:\/\/i0.wp.com\/mazet-st-voy.com\/wp-content\/uploads\/2019\/05\/ZUMBA-FITNESS-e1556954895115.jpg?resize=1050%2C600&ssl=1 3x"},"classes":[]},{"id":2353,"url":"https:\/\/mazet-st-voy.com\/?p=2353","url_meta":{"origin":2394,"position":3},"title":"Soir\u00e9e Sarassou : samedi 3 ao\u00fbt","author":"admin9404","date":"30 juillet 2019","format":false,"excerpt":"TRADITIONNELLE SOIR\u00c9E SARASSOU SAMEDI 3 AOUT AU MAZET-ST-VOY Comme chaque ann\u00e9e l'Association des Parents d'El\u00e8ves de l'\u00e9cole du Mazet et le club AS Mazet Chambon organisent la soir\u00e9e Sarassou le Samedi 3 Aout \u00e0 la Salle du Garay \u00e0 la Costette. Cette soir\u00e9e familiale est l'occasion de passer un agr\u00e9able\u2026","rel":"","context":"Dans &quot;TERROIR&quot;","block_context":{"text":"TERROIR","link":"https:\/\/mazet-st-voy.com\/?cat=15"},"img":{"alt_text":"","src":"","width":0,"height":0},"classes":[]},{"id":2283,"url":"https:\/\/mazet-st-voy.com\/?p=2283","url_meta":{"origin":2394,"position":4},"title":"Soupe au Choux: Samedi 15 juin \u00e0 partir de 19h place de la Mairie","author":"admin9404","date":"8 juin 2019","format":false,"excerpt":"","rel":"","context":"Dans &quot;VIE ASSOCIATIVE&quot;","block_context":{"text":"VIE ASSOCIATIVE","link":"https:\/\/mazet-st-voy.com\/?cat=13"},"img":{"alt_text":"","src":"https:\/\/i0.wp.com\/mazet-st-voy.com\/wp-content\/uploads\/2019\/06\/Soupe-au-Choux.jpg?resize=350%2C200&ssl=1","width":350,"height":200,"srcset":"https:\/\/i0.wp.com\/mazet-st-voy.com\/wp-content\/uploads\/2019\/06\/Soupe-au-Choux.jpg?resize=350%2C200&ssl=1 1x, https:\/\/i0.wp.com\/mazet-st-voy.com\/wp-content\/uploads\/2019\/06\/Soupe-au-Choux.jpg?resize=525%2C300&ssl=1 1.5x, https:\/\/i0.wp.com\/mazet-st-voy.com\/wp-content\/uploads\/2019\/06\/Soupe-au-Choux.jpg?resize=700%2C400&ssl=1 2x, https:\/\/i0.wp.com\/mazet-st-voy.com\/wp-content\/uploads\/2019\/06\/Soupe-au-Choux.jpg?resize=1050%2C600&ssl=1 3x"},"classes":[]},{"id":2380,"url":"https:\/\/mazet-st-voy.com\/?p=2380","url_meta":{"origin":2394,"position":5},"title":"Fermeture Mairie","author":"admin9404","date":"10 ao\u00fbt 2019","format":false,"excerpt":"Le secr\u00e9tariat de Mairie sera ferm\u00e9e du 15 au 17 ao\u00fbt et le 21 ao\u00fbt. Une permanence sera assur\u00e9e par les \u00e9lus le samedi 17 ao\u00fbt de 11h \u00e0 12h.","rel":"","context":"Dans &quot;INFORMATION&quot;","block_context":{"text":"INFORMATION","link":"https:\/\/mazet-st-voy.com\/?cat=18"},"img":{"alt_text":"","src":"","width":0,"height":0},"classes":[]}],"_links":{"self":[{"href":"https:\/\/mazet-st-voy.com\/index.php?rest_route=\/wp\/v2\/posts\/2394","targetHints":{"allow":["GET"]}}],"collection":[{"href":"https:\/\/mazet-st-voy.com\/index.php?rest_route=\/wp\/v2\/posts"}],"about":[{"href":"https:\/\/mazet-st-voy.com\/index.php?rest_route=\/wp\/v2\/types\/post"}],"author":[{"embeddable":true,"href":"https:\/\/mazet-st-voy.com\/index.php?rest_route=\/wp\/v2\/users\/1"}],"replies":[{"embeddable":true,"href":"https:\/\/mazet-st-voy.com\/index.php?rest_route=%2Fwp%2Fv2%2Fcomments&post=2394"}],"version-history":[{"count":1,"href":"https:\/\/mazet-st-voy.com\/index.php?rest_route=\/wp\/v2\/posts\/2394\/revisions"}],"predecessor-version":[{"id":2396,"href":"https:\/\/mazet-st-voy.com\/index.php?rest_route=\/wp\/v2\/posts\/2394\/revisions\/2396"}],"wp:attachment":[{"href":"https:\/\/mazet-st-voy.com\/index.php?rest_route=%2Fwp%2Fv2%2Fmedia&parent=2394"}],"wp:term":[{"taxonomy":"category","embeddable":true,"href":"https:\/\/mazet-st-voy.com\/index.php?rest_route=%2Fwp%2Fv2%2Fcategories&post=2394"},{"taxonomy":"post_tag","embeddable":true,"href":"https:\/\/mazet-st-voy.com\/index.php?rest_route=%2Fwp%2Fv2%2Ftags&post=2394"}],"curies":[{"name":"wp","href":"https:\/\/api.w.org\/{rel}","templated":true}]}}