{"id":2524,"date":"2020-04-29T16:46:39","date_gmt":"2020-04-29T14:46:39","guid":{"rendered":"https:\/\/mazet-st-voy.com\/?p=2524"},"modified":"2023-02-21T10:14:53","modified_gmt":"2023-02-21T09:14:53","slug":"collecte-ordures-menageres-et-jours-feries","status":"publish","type":"post","link":"https:\/\/mazet-st-voy.com\/?p=2524","title":{"rendered":"Collecte ordures m\u00e9nag\u00e8res et jours f\u00e9ri\u00e9s"},"content":{"rendered":"\n<p>Nous vous rappelons que la collecte des ordures m\u00e9nag\u00e8res n\u2019est pas r\u00e9alis\u00e9e les jours f\u00e9ri\u00e9s.<\/p>\n<p>La collecte est report\u00e9e automatiquement au mercredi de la m\u00eame semaine. Voici les dates pour l&rsquo;ann\u00e9e 2020.<\/p>\n<p>&nbsp;<\/p>\n<p>Vendredi&nbsp; 1<sup>er<\/sup> mai 2020 =&gt; Collecte r\u00e9alis\u00e9e le mercredi 29 avril 2020<\/p>\n<p>Vendredi&nbsp; 8 mai&nbsp; 2020 =&gt; collecte r\u00e9alis\u00e9e le mercredi&nbsp; 6 mai 2020<\/p>\n<p>Jeudi&nbsp; 21 mai 2020 =&gt; Collecte r\u00e9alis\u00e9e le mercredi 20 mai<\/p>\n<p>Lundi 1<sup>er<\/sup> juin 2020 =&gt; collecte r\u00e9alis\u00e9e le mercredi 3 juin 2020<\/p>\n<p>Mardi 14 juillet 2020&nbsp; =&gt; collecte r\u00e9alis\u00e9e le mercredi 15 juillet 2020<\/p>\n<p>Vendredi&nbsp; 25 d\u00e9cembre 2020 =&gt; Collecte r\u00e9alis\u00e9e le mercredi 23 d\u00e9cembre 2020<\/p>\n<p>Vendredi 1<sup>er<\/sup> janvier 2021 =&gt; Collecte r\u00e9alis\u00e9e le mercredi 30 d\u00e9cembre 2020<\/p>\n","protected":false},"excerpt":{"rendered":"<p>Nous vous rappelons que la collecte des ordures m\u00e9nag\u00e8res n\u2019est pas r\u00e9alis\u00e9e les jours f\u00e9ri\u00e9s. La collecte est report\u00e9e automatiquement au mercredi de la m\u00eame semaine. Voici les dates pour l&rsquo;ann\u00e9e 2020. &nbsp; Vendredi&nbsp; 1er mai 2020 =&gt; Collecte r\u00e9alis\u00e9e le mercredi 29 avril 2020 Vendredi&nbsp; 8 mai&nbsp; 2020 =&gt; collecte r\u00e9alis\u00e9e le mercredi&nbsp; 6 [&hellip;]<\/p>\n","protected":false},"author":1,"featured_media":0,"comment_status":"closed","ping_status":"open","sticky":false,"template":"","format":"standard","meta":{"ngg_post_thumbnail":0,"_jetpack_memberships_contains_paid_content":false,"footnotes":"","jetpack_publicize_message":"","jetpack_publicize_feature_enabled":true,"jetpack_social_post_already_shared":true,"jetpack_social_options":{"image_generator_settings":{"template":"highway","default_image_id":0,"font":"","enabled":false},"version":2}},"categories":[18,9],"tags":[],"class_list":["post-2524","post","type-post","status-publish","format-standard","hentry","category-information","category-vie-municipale","entry"],"aioseo_notices":[],"jetpack_publicize_connections":[],"jetpack_featured_media_url":"","jetpack_shortlink":"https:\/\/wp.me\/padW9w-EI","jetpack_sharing_enabled":true,"jetpack-related-posts":[{"id":2267,"url":"https:\/\/mazet-st-voy.com\/?p=2267","url_meta":{"origin":2524,"position":0},"title":"Collecte ordures m\u00e9nag\u00e8res : Jours F\u00e9ri\u00e9s","author":"admin9404","date":"25 mai 2019","format":false,"excerpt":"Nous vous rappelons qu'il n'y a pas de collecte ordures m\u00e9nag\u00e8res les jours f\u00e9ri\u00e9s. Il n'y aura donc pas de collecte le jeudi 30 mai 2019 (Ascension), celle-ci sera r\u00e9alis\u00e9e le mercredi 29 mai 2019. \u00a0 Il en sera de m\u00eame pour la collecte du jeudi 15 ao\u00fbt 2019, qui\u2026","rel":"","context":"Dans &quot;INFORMATION&quot;","block_context":{"text":"INFORMATION","link":"https:\/\/mazet-st-voy.com\/?cat=18"},"img":{"alt_text":"","src":"","width":0,"height":0},"classes":[]},{"id":3431,"url":"https:\/\/mazet-st-voy.com\/?p=3431","url_meta":{"origin":2524,"position":1},"title":"Geoptis analyse notre r\u00e9seau routier","author":"admin9404","date":"11 octobre 2023","format":false,"excerpt":"\u00ab\u00a0Au moyen d\u2019une cam\u00e9ra HD embarqu\u00e9e sur la voiture du facteur, Geoptis, filiale du groupe La Poste, va filmer cette semaine 49 kilom\u00e8tres de route de la commune du Mazet St Voy. Objectif faciliter la gestion de la voirie avec cette collecte d\u2019informations qui permettra d\u2019\u00e9valuer le patrimoine routier et\u2026","rel":"","context":"Dans &quot;Non class\u00e9&quot;","block_context":{"text":"Non class\u00e9","link":"https:\/\/mazet-st-voy.com\/?cat=1"},"img":{"alt_text":"","src":"https:\/\/i0.wp.com\/mazet-st-voy.com\/wp-content\/uploads\/2023\/10\/voiture-equipee2-300x225.jpg?resize=350%2C200&ssl=1","width":350,"height":200},"classes":[]},{"id":2531,"url":"https:\/\/mazet-st-voy.com\/?p=2531","url_meta":{"origin":2524,"position":2},"title":"DISTRIBUTION DE MASQUES","author":"admin9404","date":"9 mai 2020","format":false,"excerpt":"Des masques fournis par la Conseil D\u00e9partemental et le Conseil R\u00e9gional sont arriv\u00e9s en Mairie en cette fin de semaine. \u00a0Ils seront remis \u00e0 la population au secr\u00e9tariat de Mairie d\u00e8s ce lundi 11 mai de 10H \u00e0 12H et de 15H \u00e0 18H, puis mardi et jeudi aux m\u00eames\u2026","rel":"","context":"Dans &quot;VIE MUNICIPALE&quot;","block_context":{"text":"VIE MUNICIPALE","link":"https:\/\/mazet-st-voy.com\/?cat=9"},"img":{"alt_text":"","src":"","width":0,"height":0},"classes":[]},{"id":3180,"url":"https:\/\/mazet-st-voy.com\/?p=3180","url_meta":{"origin":2524,"position":3},"title":"S O S UKRAINE","author":"admin9404","date":"4 mars 2022","format":false,"excerpt":"1) Recensement de logements disponibles permettant d\u2019accueillir des ressortissants ukrainiens Informations \u00e0 faire remonter en Mairie ( bo\u00eete aux lettres ou secr\u00e9tariat): \u00a0 NOM \u2026\u2026\u2026\u2026\u2026\u2026\u2026\u2026. \u2026\u2026\u2026\u2026\u2026PRENOM\u2026\u2026\u2026\u2026\u2026\u2026\u2026\u2026\u2026\u2026\u2026\u2026. \u00a0 Adresse du logement\u2026\u2026\u2026\u2026\u2026\u2026\u2026\u2026\u2026\u2026\u2026\u2026\u2026\u2026\u2026\u2026\u2026\u2026\u2026\u2026\u2026\u2026\u00a0 \u00a0 N\u00b0 de tel permettant de joindre le propri\u00e9taire\u00a0: \u2026\u2026\u2026\u2026\u2026\u2026\u2026\u2026\u2026\u2026\u2026\u2026 Adresse mail\u00a0: \u2026\u2026\u2026\u2026\u2026\u2026..Caract\u00e9ristiques du logement :Type de Propri\u00e9t\u00e9 (collectivit\u00e9 ou\u2026","rel":"","context":"Dans &quot;URGENCE&quot;","block_context":{"text":"URGENCE","link":"https:\/\/mazet-st-voy.com\/?cat=17"},"img":{"alt_text":"","src":"https:\/\/i0.wp.com\/mazet-st-voy.com\/wp-content\/uploads\/2022\/03\/drapeau-ukraine.jpg?resize=350%2C200&ssl=1","width":350,"height":200},"classes":[]},{"id":2521,"url":"https:\/\/mazet-st-voy.com\/?p=2521","url_meta":{"origin":2524,"position":4},"title":"Horaires d&rsquo;\u00e9t\u00e9 Halle Fermi\u00e8re","author":"admin9404","date":"18 avril 2020","format":false,"excerpt":"Avec l'arriv\u00e9e des beaux jours, l'\u00e9quipe de la Halle fermi\u00e8re \u00e0 le plaisir de vous informer que le magasin reprend ses horaires d'\u00e9t\u00e9 \u00e0 partir du Mercredi 22 Avril. Le magasin sera donc ouvert les : - Mercredi - Jeudi - Vendredi et Samedi de 9h30 \u00e0 12h30 et de\u2026","rel":"","context":"Dans &quot;TERROIR&quot;","block_context":{"text":"TERROIR","link":"https:\/\/mazet-st-voy.com\/?cat=15"},"img":{"alt_text":"","src":"","width":0,"height":0},"classes":[]},{"id":3189,"url":"https:\/\/mazet-st-voy.com\/?p=3189","url_meta":{"origin":2524,"position":5},"title":"Ukraine le Mazet s&rsquo;organise pour la collecte des dons.","author":"admin9404","date":"11 mars 2022","format":false,"excerpt":"\u00a0\u00a0\u00a0\u00a0\u00a0\u00a0\u00a0\u00a0\u00a0\u00a0\u00a0\u00a0\u00a0\u00a0\u00a0\u00a0\u00a0\u00a0\u00a0\u00a0\u00a0\u00a0\u00a0\u00a0\u00a0\u00a0\u00a0\u00a0\u00a0\u00a0\u00a0\u00a0\u00a0\u00a0\u00a0\u00a0 ACCUEIL de REFUGIES UKRAINIENS Etant donn\u00e9 le nombre important de personnes d\u2019origine ukrainiennes ( environ 50 \u00e0 cette heure) susceptibles d\u2019\u00eatre accueillies chez nous pour une dur\u00e9e que nous ne pouvons estimer, nous continuons le recensement des logements disponibles. Logement plut\u00f4t que chambres pour ne pas s\u00e9parer des familles\u2026","rel":"","context":"Dans &quot;URGENCE&quot;","block_context":{"text":"URGENCE","link":"https:\/\/mazet-st-voy.com\/?cat=17"},"img":{"alt_text":"","src":"","width":0,"height":0},"classes":[]}],"_links":{"self":[{"href":"https:\/\/mazet-st-voy.com\/index.php?rest_route=\/wp\/v2\/posts\/2524","targetHints":{"allow":["GET"]}}],"collection":[{"href":"https:\/\/mazet-st-voy.com\/index.php?rest_route=\/wp\/v2\/posts"}],"about":[{"href":"https:\/\/mazet-st-voy.com\/index.php?rest_route=\/wp\/v2\/types\/post"}],"author":[{"embeddable":true,"href":"https:\/\/mazet-st-voy.com\/index.php?rest_route=\/wp\/v2\/users\/1"}],"replies":[{"embeddable":true,"href":"https:\/\/mazet-st-voy.com\/index.php?rest_route=%2Fwp%2Fv2%2Fcomments&post=2524"}],"version-history":[{"count":1,"href":"https:\/\/mazet-st-voy.com\/index.php?rest_route=\/wp\/v2\/posts\/2524\/revisions"}],"predecessor-version":[{"id":2525,"href":"https:\/\/mazet-st-voy.com\/index.php?rest_route=\/wp\/v2\/posts\/2524\/revisions\/2525"}],"wp:attachment":[{"href":"https:\/\/mazet-st-voy.com\/index.php?rest_route=%2Fwp%2Fv2%2Fmedia&parent=2524"}],"wp:term":[{"taxonomy":"category","embeddable":true,"href":"https:\/\/mazet-st-voy.com\/index.php?rest_route=%2Fwp%2Fv2%2Fcategories&post=2524"},{"taxonomy":"post_tag","embeddable":true,"href":"https:\/\/mazet-st-voy.com\/index.php?rest_route=%2Fwp%2Fv2%2Ftags&post=2524"}],"curies":[{"name":"wp","href":"https:\/\/api.w.org\/{rel}","templated":true}]}}