{"id":3082,"date":"2021-07-31T14:01:37","date_gmt":"2021-07-31T12:01:37","guid":{"rendered":"https:\/\/mazet-st-voy.com\/?p=3082"},"modified":"2021-07-31T14:01:39","modified_gmt":"2021-07-31T12:01:39","slug":"fermeture-temporaire-du-centre-de-loisirs","status":"publish","type":"post","link":"https:\/\/mazet-st-voy.com\/?p=3082","title":{"rendered":"Fermeture temporaire du centre de loisirs"},"content":{"rendered":"\n<p>Le centre de loisirs du Mazet st Voy sera ferm\u00e9 du 2 Ao\u00fbt au 6 Ao\u00fbt pour raison sanitaire&#8230;<\/p>\n","protected":false},"excerpt":{"rendered":"<p>Le centre de loisirs du Mazet st Voy sera ferm\u00e9 du 2 Ao\u00fbt au 6 Ao\u00fbt pour raison sanitaire&#8230;<\/p>\n","protected":false},"author":1,"featured_media":0,"comment_status":"closed","ping_status":"open","sticky":false,"template":"","format":"standard","meta":{"ngg_post_thumbnail":0,"_jetpack_memberships_contains_paid_content":false,"footnotes":"","jetpack_publicize_message":"","jetpack_publicize_feature_enabled":true,"jetpack_social_post_already_shared":true,"jetpack_social_options":{"image_generator_settings":{"template":"highway","default_image_id":0,"font":"","enabled":false},"version":2}},"categories":[18],"tags":[],"class_list":["post-3082","post","type-post","status-publish","format-standard","hentry","category-information","entry"],"aioseo_notices":[],"jetpack_publicize_connections":[],"jetpack_featured_media_url":"","jetpack_shortlink":"https:\/\/wp.me\/padW9w-NI","jetpack_sharing_enabled":true,"jetpack-related-posts":[{"id":2353,"url":"https:\/\/mazet-st-voy.com\/?p=2353","url_meta":{"origin":3082,"position":0},"title":"Soir\u00e9e Sarassou : samedi 3 ao\u00fbt","author":"admin9404","date":"30 juillet 2019","format":false,"excerpt":"TRADITIONNELLE SOIR\u00c9E SARASSOU SAMEDI 3 AOUT AU MAZET-ST-VOY Comme chaque ann\u00e9e l'Association des Parents d'El\u00e8ves de l'\u00e9cole du Mazet et le club AS Mazet Chambon organisent la soir\u00e9e Sarassou le Samedi 3 Aout \u00e0 la Salle du Garay \u00e0 la Costette. Cette soir\u00e9e familiale est l'occasion de passer un agr\u00e9able\u2026","rel":"","context":"Dans &quot;TERROIR&quot;","block_context":{"text":"TERROIR","link":"https:\/\/mazet-st-voy.com\/?cat=15"},"img":{"alt_text":"","src":"","width":0,"height":0},"classes":[]},{"id":2380,"url":"https:\/\/mazet-st-voy.com\/?p=2380","url_meta":{"origin":3082,"position":1},"title":"Fermeture Mairie","author":"admin9404","date":"10 ao\u00fbt 2019","format":false,"excerpt":"Le secr\u00e9tariat de Mairie sera ferm\u00e9e du 15 au 17 ao\u00fbt et le 21 ao\u00fbt. Une permanence sera assur\u00e9e par les \u00e9lus le samedi 17 ao\u00fbt de 11h \u00e0 12h.","rel":"","context":"Dans &quot;INFORMATION&quot;","block_context":{"text":"INFORMATION","link":"https:\/\/mazet-st-voy.com\/?cat=18"},"img":{"alt_text":"","src":"","width":0,"height":0},"classes":[]},{"id":2573,"url":"https:\/\/mazet-st-voy.com\/?p=2573","url_meta":{"origin":3082,"position":2},"title":"Les Incontournables : Programme du 1er ao\u00fbt au 8 ao\u00fbt","author":"admin9404","date":"1 ao\u00fbt 2020","format":false,"excerpt":"","rel":"","context":"Dans &quot;TOURISME&quot;","block_context":{"text":"TOURISME","link":"https:\/\/mazet-st-voy.com\/?cat=14"},"img":{"alt_text":"","src":"https:\/\/i0.wp.com\/mazet-st-voy.com\/wp-content\/uploads\/2020\/08\/Incontournables-108-808.jpg?resize=350%2C200&ssl=1","width":350,"height":200,"srcset":"https:\/\/i0.wp.com\/mazet-st-voy.com\/wp-content\/uploads\/2020\/08\/Incontournables-108-808.jpg?resize=350%2C200&ssl=1 1x, https:\/\/i0.wp.com\/mazet-st-voy.com\/wp-content\/uploads\/2020\/08\/Incontournables-108-808.jpg?resize=525%2C300&ssl=1 1.5x"},"classes":[]},{"id":2579,"url":"https:\/\/mazet-st-voy.com\/?p=2579","url_meta":{"origin":3082,"position":3},"title":"Les Incontournables : Programme du 9 ao\u00fbt au 15 ao\u00fbt","author":"admin9404","date":"1 ao\u00fbt 2020","format":false,"excerpt":"","rel":"","context":"Dans &quot;TOURISME&quot;","block_context":{"text":"TOURISME","link":"https:\/\/mazet-st-voy.com\/?cat=14"},"img":{"alt_text":"","src":"https:\/\/i0.wp.com\/mazet-st-voy.com\/wp-content\/uploads\/2020\/08\/Incontournables-908-1508.jpg?resize=350%2C200&ssl=1","width":350,"height":200,"srcset":"https:\/\/i0.wp.com\/mazet-st-voy.com\/wp-content\/uploads\/2020\/08\/Incontournables-908-1508.jpg?resize=350%2C200&ssl=1 1x, https:\/\/i0.wp.com\/mazet-st-voy.com\/wp-content\/uploads\/2020\/08\/Incontournables-908-1508.jpg?resize=525%2C300&ssl=1 1.5x"},"classes":[]},{"id":660,"url":"https:\/\/mazet-st-voy.com\/?p=660","url_meta":{"origin":3082,"position":4},"title":"PLANTES ET BIEN-\u00caTRE \u00c0 LA HALLE FERMI\u00c8RE","author":"admin9404","date":"21 ao\u00fbt 2018","format":false,"excerpt":"Du 22 ao\u00fbt 2018 au 29 ao\u00fbt 2018 &\u00a0Le mercredi 05 septembre 2018 \u00a0Monique Lempereur vous emm\u00e8ne dans le jardin botanique \u00e0 la d\u00e9couverte des plantes sauvages et m\u00e9dicinales. Au retour une d\u00e9gustation de ses tisanes et leurs bienfaits vous sera offerte. \u00c0 faire en famille. Adresse : \u00a0 \u00a0Halle\u2026","rel":"","context":"Dans &quot;TOURISME&quot;","block_context":{"text":"TOURISME","link":"https:\/\/mazet-st-voy.com\/?cat=14"},"img":{"alt_text":"","src":"","width":0,"height":0},"classes":[]},{"id":3077,"url":"https:\/\/mazet-st-voy.com\/?p=3077","url_meta":{"origin":3082,"position":5},"title":"Elina Jones en Concert du 15 Ao\u00fbt","author":"admin9404","date":"29 juillet 2021","format":false,"excerpt":"https:\/\/www.youtube.com\/watch?v=UVV0631ybB8 21 H au village ( si pluie au Calibert)","rel":"","context":"Dans &quot;CULTURE&quot;","block_context":{"text":"CULTURE","link":"https:\/\/mazet-st-voy.com\/?cat=10"},"img":{"alt_text":"","src":"https:\/\/i0.wp.com\/mazet-st-voy.com\/wp-content\/uploads\/2021\/07\/ELINA-JONES.jpg?resize=350%2C200&ssl=1","width":350,"height":200,"srcset":"https:\/\/i0.wp.com\/mazet-st-voy.com\/wp-content\/uploads\/2021\/07\/ELINA-JONES.jpg?resize=350%2C200&ssl=1 1x, https:\/\/i0.wp.com\/mazet-st-voy.com\/wp-content\/uploads\/2021\/07\/ELINA-JONES.jpg?resize=525%2C300&ssl=1 1.5x, https:\/\/i0.wp.com\/mazet-st-voy.com\/wp-content\/uploads\/2021\/07\/ELINA-JONES.jpg?resize=700%2C400&ssl=1 2x, https:\/\/i0.wp.com\/mazet-st-voy.com\/wp-content\/uploads\/2021\/07\/ELINA-JONES.jpg?resize=1050%2C600&ssl=1 3x, https:\/\/i0.wp.com\/mazet-st-voy.com\/wp-content\/uploads\/2021\/07\/ELINA-JONES.jpg?resize=1400%2C800&ssl=1 4x"},"classes":[]}],"_links":{"self":[{"href":"https:\/\/mazet-st-voy.com\/index.php?rest_route=\/wp\/v2\/posts\/3082","targetHints":{"allow":["GET"]}}],"collection":[{"href":"https:\/\/mazet-st-voy.com\/index.php?rest_route=\/wp\/v2\/posts"}],"about":[{"href":"https:\/\/mazet-st-voy.com\/index.php?rest_route=\/wp\/v2\/types\/post"}],"author":[{"embeddable":true,"href":"https:\/\/mazet-st-voy.com\/index.php?rest_route=\/wp\/v2\/users\/1"}],"replies":[{"embeddable":true,"href":"https:\/\/mazet-st-voy.com\/index.php?rest_route=%2Fwp%2Fv2%2Fcomments&post=3082"}],"version-history":[{"count":1,"href":"https:\/\/mazet-st-voy.com\/index.php?rest_route=\/wp\/v2\/posts\/3082\/revisions"}],"predecessor-version":[{"id":3083,"href":"https:\/\/mazet-st-voy.com\/index.php?rest_route=\/wp\/v2\/posts\/3082\/revisions\/3083"}],"wp:attachment":[{"href":"https:\/\/mazet-st-voy.com\/index.php?rest_route=%2Fwp%2Fv2%2Fmedia&parent=3082"}],"wp:term":[{"taxonomy":"category","embeddable":true,"href":"https:\/\/mazet-st-voy.com\/index.php?rest_route=%2Fwp%2Fv2%2Fcategories&post=3082"},{"taxonomy":"post_tag","embeddable":true,"href":"https:\/\/mazet-st-voy.com\/index.php?rest_route=%2Fwp%2Fv2%2Ftags&post=3082"}],"curies":[{"name":"wp","href":"https:\/\/api.w.org\/{rel}","templated":true}]}}