{"id":3366,"date":"2023-05-24T18:13:47","date_gmt":"2023-05-24T16:13:47","guid":{"rendered":"https:\/\/mazet-st-voy.com\/?p=3366"},"modified":"2023-05-24T18:19:18","modified_gmt":"2023-05-24T16:19:18","slug":"ceremonie-du-8-mai-1945-2","status":"publish","type":"post","link":"https:\/\/mazet-st-voy.com\/?p=3366","title":{"rendered":"C\u00e9r\u00e9monie du 8 Mai 1945"},"content":{"rendered":"\n<p>En pr\u00e9sence de Mr le Sous-Pr\u00e9fet &nbsp;Fabrice BONICEL, de Mme la d\u00e9put\u00e9e Isabelle VALENTIN; le Maire Alain DEBARD a d\u00e9pos\u00e9 une gerbe au pied du monument aux Morts accompagn\u00e9 du pr\u00e9sident des anciens combattants Mr Henoc ROYER.<\/p>\n<p>La lecture de la lettre de Mme la ministre de la d\u00e9fense a \u00e9t\u00e9 effectu\u00e9e par Mll Kyliane FERRIER.<\/p>\n<p>Avec le soutien du corps des sapeurs pompier du Mazet et la fanfare d&rsquo;Yssingeaux.<\/p>\n\n\n\n<figure class=\"wp-block-image size-large is-resized\"><img data-recalc-dims=\"1\" loading=\"lazy\" decoding=\"async\" src=\"https:\/\/i0.wp.com\/mazet-st-voy.com\/wp-content\/uploads\/2023\/05\/8-mai-2.jpg?resize=768%2C1024&#038;ssl=1\" alt=\"\" class=\"wp-image-3363\" width=\"768\" height=\"1024\" srcset=\"https:\/\/i0.wp.com\/mazet-st-voy.com\/wp-content\/uploads\/2023\/05\/8-mai-2-scaled.jpg?resize=768%2C1024&amp;ssl=1 768w, https:\/\/i0.wp.com\/mazet-st-voy.com\/wp-content\/uploads\/2023\/05\/8-mai-2-scaled.jpg?resize=225%2C300&amp;ssl=1 225w, https:\/\/i0.wp.com\/mazet-st-voy.com\/wp-content\/uploads\/2023\/05\/8-mai-2-scaled.jpg?resize=1152%2C1536&amp;ssl=1 1152w, https:\/\/i0.wp.com\/mazet-st-voy.com\/wp-content\/uploads\/2023\/05\/8-mai-2-scaled.jpg?resize=1536%2C2048&amp;ssl=1 1536w, https:\/\/i0.wp.com\/mazet-st-voy.com\/wp-content\/uploads\/2023\/05\/8-mai-2-scaled.jpg?w=1920&amp;ssl=1 1920w\" sizes=\"auto, (max-width: 768px) 100vw, 768px\" \/><\/figure>\n\n\n\n\n\n<figure class=\"wp-block-image size-large\"><img data-recalc-dims=\"1\" loading=\"lazy\" decoding=\"async\" width=\"1024\" height=\"975\" src=\"https:\/\/i0.wp.com\/mazet-st-voy.com\/wp-content\/uploads\/2023\/05\/8-mai-4.jpg?resize=1024%2C975&#038;ssl=1\" alt=\"\" class=\"wp-image-3365\" srcset=\"https:\/\/i0.wp.com\/mazet-st-voy.com\/wp-content\/uploads\/2023\/05\/8-mai-4-scaled.jpg?resize=1024%2C975&amp;ssl=1 1024w, https:\/\/i0.wp.com\/mazet-st-voy.com\/wp-content\/uploads\/2023\/05\/8-mai-4-scaled.jpg?resize=300%2C286&amp;ssl=1 300w, https:\/\/i0.wp.com\/mazet-st-voy.com\/wp-content\/uploads\/2023\/05\/8-mai-4-scaled.jpg?resize=768%2C731&amp;ssl=1 768w, https:\/\/i0.wp.com\/mazet-st-voy.com\/wp-content\/uploads\/2023\/05\/8-mai-4-scaled.jpg?resize=1536%2C1463&amp;ssl=1 1536w, https:\/\/i0.wp.com\/mazet-st-voy.com\/wp-content\/uploads\/2023\/05\/8-mai-4-scaled.jpg?resize=2048%2C1950&amp;ssl=1 2048w, https:\/\/i0.wp.com\/mazet-st-voy.com\/wp-content\/uploads\/2023\/05\/8-mai-4-scaled.jpg?w=2400&amp;ssl=1 2400w\" sizes=\"auto, (max-width: 1024px) 100vw, 1024px\" \/><\/figure>\n\n\n\n<figure class=\"wp-block-image size-large\"><img data-recalc-dims=\"1\" loading=\"lazy\" decoding=\"async\" width=\"1024\" height=\"768\" src=\"https:\/\/i0.wp.com\/mazet-st-voy.com\/wp-content\/uploads\/2023\/05\/8-mai.jpeg?resize=1024%2C768&#038;ssl=1\" alt=\"\" class=\"wp-image-3361\" srcset=\"https:\/\/i0.wp.com\/mazet-st-voy.com\/wp-content\/uploads\/2023\/05\/8-mai-scaled.jpeg?resize=1024%2C768&amp;ssl=1 1024w, https:\/\/i0.wp.com\/mazet-st-voy.com\/wp-content\/uploads\/2023\/05\/8-mai-scaled.jpeg?resize=300%2C225&amp;ssl=1 300w, https:\/\/i0.wp.com\/mazet-st-voy.com\/wp-content\/uploads\/2023\/05\/8-mai-scaled.jpeg?resize=768%2C576&amp;ssl=1 768w, https:\/\/i0.wp.com\/mazet-st-voy.com\/wp-content\/uploads\/2023\/05\/8-mai-scaled.jpeg?resize=1536%2C1152&amp;ssl=1 1536w, https:\/\/i0.wp.com\/mazet-st-voy.com\/wp-content\/uploads\/2023\/05\/8-mai-scaled.jpeg?resize=2048%2C1536&amp;ssl=1 2048w, https:\/\/i0.wp.com\/mazet-st-voy.com\/wp-content\/uploads\/2023\/05\/8-mai-scaled.jpeg?w=2400&amp;ssl=1 2400w\" sizes=\"auto, (max-width: 1024px) 100vw, 1024px\" \/><\/figure>\n\n\n\n<figure class=\"wp-block-image size-large\"><img data-recalc-dims=\"1\" loading=\"lazy\" decoding=\"async\" width=\"1024\" height=\"839\" src=\"https:\/\/i0.wp.com\/mazet-st-voy.com\/wp-content\/uploads\/2023\/05\/8-mai-1.jpg?resize=1024%2C839&#038;ssl=1\" alt=\"\" class=\"wp-image-3362\" srcset=\"https:\/\/i0.wp.com\/mazet-st-voy.com\/wp-content\/uploads\/2023\/05\/8-mai-1-scaled.jpg?resize=1024%2C839&amp;ssl=1 1024w, https:\/\/i0.wp.com\/mazet-st-voy.com\/wp-content\/uploads\/2023\/05\/8-mai-1-scaled.jpg?resize=300%2C246&amp;ssl=1 300w, https:\/\/i0.wp.com\/mazet-st-voy.com\/wp-content\/uploads\/2023\/05\/8-mai-1-scaled.jpg?resize=768%2C629&amp;ssl=1 768w, https:\/\/i0.wp.com\/mazet-st-voy.com\/wp-content\/uploads\/2023\/05\/8-mai-1-scaled.jpg?resize=1536%2C1258&amp;ssl=1 1536w, https:\/\/i0.wp.com\/mazet-st-voy.com\/wp-content\/uploads\/2023\/05\/8-mai-1-scaled.jpg?resize=2048%2C1678&amp;ssl=1 2048w, https:\/\/i0.wp.com\/mazet-st-voy.com\/wp-content\/uploads\/2023\/05\/8-mai-1-scaled.jpg?w=2400&amp;ssl=1 2400w\" sizes=\"auto, (max-width: 1024px) 100vw, 1024px\" \/><\/figure>\n","protected":false},"excerpt":{"rendered":"<p>En pr\u00e9sence de Mr le Sous-Pr\u00e9fet &nbsp;Fabrice BONICEL, de Mme la d\u00e9put\u00e9e Isabelle VALENTIN; le Maire Alain DEBARD a d\u00e9pos\u00e9 une gerbe au pied du monument aux Morts accompagn\u00e9 du pr\u00e9sident des anciens combattants Mr Henoc ROYER. La lecture de la lettre de Mme la ministre de la d\u00e9fense a \u00e9t\u00e9 effectu\u00e9e par Mll Kyliane [&hellip;]<\/p>\n","protected":false},"author":1,"featured_media":0,"comment_status":"closed","ping_status":"open","sticky":false,"template":"","format":"standard","meta":{"ngg_post_thumbnail":0,"_jetpack_memberships_contains_paid_content":false,"footnotes":"","jetpack_publicize_message":"","jetpack_publicize_feature_enabled":true,"jetpack_social_post_already_shared":true,"jetpack_social_options":{"image_generator_settings":{"template":"highway","default_image_id":0,"font":"","enabled":false},"version":2}},"categories":[9],"tags":[],"class_list":["post-3366","post","type-post","status-publish","format-standard","hentry","category-vie-municipale","entry"],"aioseo_notices":[],"jetpack_publicize_connections":[],"jetpack_featured_media_url":"","jetpack_shortlink":"https:\/\/wp.me\/padW9w-Si","jetpack_sharing_enabled":true,"jetpack-related-posts":[{"id":3562,"url":"https:\/\/mazet-st-voy.com\/?p=3562","url_meta":{"origin":3366,"position":0},"title":"C\u00e9r\u00e9monie du 8 mai 1945","author":"admin9404","date":"11 mai 2024","format":false,"excerpt":"Lors du parcours de \"l'itin\u00e9rance comm\u00e9morative\" , la c\u00e9r\u00e9monie c'est\u00a0d\u00e9roul\u00e9e \u00e0 11h ce mercredi 8 mai 2024 au Mazet St Voy. D\u00e9p\u00f4t de gerbes par les autorit\u00e9s du d\u00e9partement, de Mme Valentin d\u00e9put\u00e9e, de Mr le maire Alain Debard accompagn\u00e9 du repr\u00e9sentant des anciens combattant. Lecture des messages \u00a0par Mr\u2026","rel":"","context":"Dans &quot;Non class\u00e9&quot;","block_context":{"text":"Non class\u00e9","link":"https:\/\/mazet-st-voy.com\/?cat=1"},"img":{"alt_text":"","src":"https:\/\/i0.wp.com\/mazet-st-voy.com\/wp-content\/uploads\/2024\/05\/2024-ceremonie-du-8-mai34-300x225.jpg?resize=350%2C200&ssl=1","width":350,"height":200},"classes":[]},{"id":3007,"url":"https:\/\/mazet-st-voy.com\/?p=3007","url_meta":{"origin":3366,"position":1},"title":"Comm\u00e9moration de la Victoire du 8 mai 1945","author":"admin9404","date":"14 mai 2021","format":false,"excerpt":"Un nombre restreint d\u2019\u00e9lus et d\u2019anciens combattants ont comm\u00e9mor\u00e9 la fin de la guerre de 1945. Apr\u00e8s lecture des discours officiels, le Maire a rappel\u00e9 au souvenir les morts au combat de notre village \u00a0et \u00a0du maquis de Montbuzat. Extrait du discours de Mme\u00a0Genevi\u00e8ve DARRIEUSSECQ, ministre d\u00e9l\u00e9gu\u00e9e aupr\u00e8s de la\u2026","rel":"","context":"Dans &quot;VIE MUNICIPALE&quot;","block_context":{"text":"VIE MUNICIPALE","link":"https:\/\/mazet-st-voy.com\/?cat=9"},"img":{"alt_text":"","src":"https:\/\/i0.wp.com\/mazet-st-voy.com\/wp-content\/uploads\/2021\/05\/Ceremonie-8-Mai-2021-19-scaled.jpg?resize=350%2C200&ssl=1","width":350,"height":200,"srcset":"https:\/\/i0.wp.com\/mazet-st-voy.com\/wp-content\/uploads\/2021\/05\/Ceremonie-8-Mai-2021-19-scaled.jpg?resize=350%2C200&ssl=1 1x, https:\/\/i0.wp.com\/mazet-st-voy.com\/wp-content\/uploads\/2021\/05\/Ceremonie-8-Mai-2021-19-scaled.jpg?resize=525%2C300&ssl=1 1.5x, https:\/\/i0.wp.com\/mazet-st-voy.com\/wp-content\/uploads\/2021\/05\/Ceremonie-8-Mai-2021-19-scaled.jpg?resize=700%2C400&ssl=1 2x, https:\/\/i0.wp.com\/mazet-st-voy.com\/wp-content\/uploads\/2021\/05\/Ceremonie-8-Mai-2021-19-scaled.jpg?resize=1050%2C600&ssl=1 3x"},"classes":[]},{"id":3199,"url":"https:\/\/mazet-st-voy.com\/?p=3199","url_meta":{"origin":3366,"position":2},"title":"Le d\u00e9p\u00f4t mis en place pour la logistique d&rsquo;accueil des r\u00e9fugi\u00e9s Ukrainiens commence a fonctionner.","author":"admin9404","date":"13 mars 2022","format":false,"excerpt":"Apr\u00e8s une visite par le Maire d'une famille h\u00e9berg\u00e9e chez Mr et Mme Ruel, un volontaire de La Croix Rouge de Monistrol\/Loire est le premier \u00e0 utiliser le d\u00e9p\u00f4t de stockage en d\u00e9chargeant les dons r\u00e9colt\u00e9s \u00e0 la sortie d'un Intermarch\u00e9. Lundi d\u00e9m\u00e9nagement au local des dons r\u00e9colt\u00e9s \u00e0 la\u2026","rel":"","context":"Dans &quot;INFORMATION&quot;","block_context":{"text":"INFORMATION","link":"https:\/\/mazet-st-voy.com\/?cat=18"},"img":{"alt_text":"","src":"https:\/\/i0.wp.com\/mazet-st-voy.com\/wp-content\/uploads\/2022\/03\/Ukainiens-Stockage-Croix-rouge-Monistrol.jpg?resize=350%2C200&ssl=1","width":350,"height":200,"srcset":"https:\/\/i0.wp.com\/mazet-st-voy.com\/wp-content\/uploads\/2022\/03\/Ukainiens-Stockage-Croix-rouge-Monistrol.jpg?resize=350%2C200&ssl=1 1x, https:\/\/i0.wp.com\/mazet-st-voy.com\/wp-content\/uploads\/2022\/03\/Ukainiens-Stockage-Croix-rouge-Monistrol.jpg?resize=525%2C300&ssl=1 1.5x, https:\/\/i0.wp.com\/mazet-st-voy.com\/wp-content\/uploads\/2022\/03\/Ukainiens-Stockage-Croix-rouge-Monistrol.jpg?resize=700%2C400&ssl=1 2x"},"classes":[]},{"id":2901,"url":"https:\/\/mazet-st-voy.com\/?p=2901","url_meta":{"origin":3366,"position":3},"title":"C\u00e9r\u00e9monie fin de la guerre d&rsquo;Alg\u00e9rie du 19 Mars 1962.","author":"admin9404","date":"20 mars 2021","format":false,"excerpt":"Toujours peu nombreux pour cause de covid, l'association des anciens combattants a rendu hommage aux anciens de la guerre d'Alg\u00e9rie et comm\u00e9morer la fin de la guerre le 19 mars 1962 ce samedi \u00e0 11h30. Apr\u00e8s un rappel au devoir de m\u00e9moire le Maire Alain Debard a lu le discours\u2026","rel":"","context":"Dans &quot;VIE MUNICIPALE&quot;","block_context":{"text":"VIE MUNICIPALE","link":"https:\/\/mazet-st-voy.com\/?cat=9"},"img":{"alt_text":"","src":"https:\/\/i0.wp.com\/mazet-st-voy.com\/wp-content\/uploads\/2021\/03\/2021-20-Mars-ceremonie-guerre-dalgerie17.jpg?resize=350%2C200&ssl=1","width":350,"height":200,"srcset":"https:\/\/i0.wp.com\/mazet-st-voy.com\/wp-content\/uploads\/2021\/03\/2021-20-Mars-ceremonie-guerre-dalgerie17.jpg?resize=350%2C200&ssl=1 1x, https:\/\/i0.wp.com\/mazet-st-voy.com\/wp-content\/uploads\/2021\/03\/2021-20-Mars-ceremonie-guerre-dalgerie17.jpg?resize=525%2C300&ssl=1 1.5x, https:\/\/i0.wp.com\/mazet-st-voy.com\/wp-content\/uploads\/2021\/03\/2021-20-Mars-ceremonie-guerre-dalgerie17.jpg?resize=700%2C400&ssl=1 2x, https:\/\/i0.wp.com\/mazet-st-voy.com\/wp-content\/uploads\/2021\/03\/2021-20-Mars-ceremonie-guerre-dalgerie17.jpg?resize=1050%2C600&ssl=1 3x, https:\/\/i0.wp.com\/mazet-st-voy.com\/wp-content\/uploads\/2021\/03\/2021-20-Mars-ceremonie-guerre-dalgerie17.jpg?resize=1400%2C800&ssl=1 4x"},"classes":[]},{"id":3398,"url":"https:\/\/mazet-st-voy.com\/?p=3398","url_meta":{"origin":3366,"position":4},"title":"Visite du Mazet St Voy par le Sous-Pr\u00e9fet Mr Bonicel","author":"admin9404","date":"2 ao\u00fbt 2023","format":false,"excerpt":"Mardi 1er ao\u00fbt, Mr Bonicel sous-pr\u00e9fet est venu rencontrer les \u00e9lus et d\u00e9couvrir les \u00e9tudes des projets en cours. Le maire Alain DEBARD et les adjoints ont pr\u00e9sent\u00e9s les futurs travaux: Re-naturalisation \u00a0du centre du village et cr\u00e9ation d'une place \"verte et accueillante' \u00a0dans le carrefour central. \u00c9tude du nouveau\u2026","rel":"","context":"Dans &quot;VIE MUNICIPALE&quot;","block_context":{"text":"VIE MUNICIPALE","link":"https:\/\/mazet-st-voy.com\/?cat=9"},"img":{"alt_text":"","src":"https:\/\/i0.wp.com\/mazet-st-voy.com\/wp-content\/uploads\/2023\/08\/2023-1-08-visite-de-Mr-Bonicel-au-Mazetstvoy_08.jpg?resize=350%2C200&ssl=1","width":350,"height":200,"srcset":"https:\/\/i0.wp.com\/mazet-st-voy.com\/wp-content\/uploads\/2023\/08\/2023-1-08-visite-de-Mr-Bonicel-au-Mazetstvoy_08.jpg?resize=350%2C200&ssl=1 1x, https:\/\/i0.wp.com\/mazet-st-voy.com\/wp-content\/uploads\/2023\/08\/2023-1-08-visite-de-Mr-Bonicel-au-Mazetstvoy_08.jpg?resize=525%2C300&ssl=1 1.5x, https:\/\/i0.wp.com\/mazet-st-voy.com\/wp-content\/uploads\/2023\/08\/2023-1-08-visite-de-Mr-Bonicel-au-Mazetstvoy_08.jpg?resize=700%2C400&ssl=1 2x"},"classes":[]},{"id":3454,"url":"https:\/\/mazet-st-voy.com\/?p=3454","url_meta":{"origin":3366,"position":5},"title":"Repas des b\u00e9n\u00e9voles de la f\u00eate du village","author":"admin9404","date":"30 octobre 2023","format":false,"excerpt":"Dimanche 22 Octobre 2023, plus de 110 personnes au repas de remerciement pour la participation des b\u00e9n\u00e9voles \u00e0 la f\u00eate du village. Le comit\u00e9 d'animation s'\u00e9tait \u00a0install\u00e9 \u00e0 la \"r\u00e9sidence du Lisieux \"pour concocter le repas, r\u00e9partir les tables et servir l'ap\u00e9ritif. Apr\u00e8s un discours de remerciement du Maire Alain\u2026","rel":"","context":"Dans &quot;Non class\u00e9&quot;","block_context":{"text":"Non class\u00e9","link":"https:\/\/mazet-st-voy.com\/?cat=1"},"img":{"alt_text":"","src":"https:\/\/i0.wp.com\/mazet-st-voy.com\/wp-content\/uploads\/2023\/10\/2023-repas-des-benevoles15-Moyenne-1-300x225.jpeg?resize=350%2C200&ssl=1","width":350,"height":200},"classes":[]}],"_links":{"self":[{"href":"https:\/\/mazet-st-voy.com\/index.php?rest_route=\/wp\/v2\/posts\/3366","targetHints":{"allow":["GET"]}}],"collection":[{"href":"https:\/\/mazet-st-voy.com\/index.php?rest_route=\/wp\/v2\/posts"}],"about":[{"href":"https:\/\/mazet-st-voy.com\/index.php?rest_route=\/wp\/v2\/types\/post"}],"author":[{"embeddable":true,"href":"https:\/\/mazet-st-voy.com\/index.php?rest_route=\/wp\/v2\/users\/1"}],"replies":[{"embeddable":true,"href":"https:\/\/mazet-st-voy.com\/index.php?rest_route=%2Fwp%2Fv2%2Fcomments&post=3366"}],"version-history":[{"count":3,"href":"https:\/\/mazet-st-voy.com\/index.php?rest_route=\/wp\/v2\/posts\/3366\/revisions"}],"predecessor-version":[{"id":3371,"href":"https:\/\/mazet-st-voy.com\/index.php?rest_route=\/wp\/v2\/posts\/3366\/revisions\/3371"}],"wp:attachment":[{"href":"https:\/\/mazet-st-voy.com\/index.php?rest_route=%2Fwp%2Fv2%2Fmedia&parent=3366"}],"wp:term":[{"taxonomy":"category","embeddable":true,"href":"https:\/\/mazet-st-voy.com\/index.php?rest_route=%2Fwp%2Fv2%2Fcategories&post=3366"},{"taxonomy":"post_tag","embeddable":true,"href":"https:\/\/mazet-st-voy.com\/index.php?rest_route=%2Fwp%2Fv2%2Ftags&post=3366"}],"curies":[{"name":"wp","href":"https:\/\/api.w.org\/{rel}","templated":true}]}}