{"id":3431,"date":"2023-10-11T14:15:46","date_gmt":"2023-10-11T12:15:46","guid":{"rendered":"https:\/\/mazet-st-voy.com\/?p=3431"},"modified":"2024-10-03T16:28:44","modified_gmt":"2024-10-03T14:28:44","slug":"geoptis-analyse-notre-reseau-routier","status":"publish","type":"post","link":"https:\/\/mazet-st-voy.com\/?p=3431","title":{"rendered":"Geoptis analyse notre r\u00e9seau routier"},"content":{"rendered":"\n<p style=\"font-weight: 400;\"><em>\u00ab&nbsp;Au moyen d\u2019une cam\u00e9ra HD embarqu\u00e9e sur la voiture du facteur, <strong>Geoptis,<\/strong> filiale du groupe La Poste, va filmer cette semaine 49 kilom\u00e8tres de route de la commune du <strong>Mazet St Voy.<\/strong><\/em><\/p>\n<p style=\"font-weight: 400;\"><em>Objectif faciliter la gestion de la voirie avec cette collecte d\u2019informations qui permettra d\u2019\u00e9valuer le patrimoine routier et d\u2019optimiser les d\u00e9penses d\u2019entretien des voiries&nbsp;\u00bb.<\/em><\/p>\n<p style=\"font-weight: 400;\"><em>Communiqu\u00e9 de la filiale Geoptis de La Poste.<\/em><\/p>\n<p style=\"font-weight: 400;\"><strong><em>&nbsp;<\/em><\/strong><\/p>\n<p style=\"font-weight: 400;\"><strong>Alain Debard &nbsp;Maire<\/strong> du Mazet St Voy, recevait ce mercredi la <strong>direction technique de La Poste<\/strong> pour pr\u00e9sentation du syst\u00e8me embarqu\u00e9 sur la voiture de <strong>J\u00e9r\u00f4me Cachard<\/strong>, notre postier local qui va proc\u00e9der \u00e0 l\u2019enregistrement des 49 kilom\u00e8tres de la voirie communale .<\/p>\n<p style=\"font-weight: 400;\">Avec une analyse compl\u00e8te et fine de notre r\u00e9seau routier, cela permettra de cibler plus pr\u00e9cis\u00e9ment les travaux annuels (proche de 150 000\u20ac) de r\u00e9fection. Il est \u00e0 noter que c\u2019est une premi\u00e8re en Haute-Loire<img data-recalc-dims=\"1\" loading=\"lazy\" decoding=\"async\" class=\"aligncenter size-medium wp-image-3430\" src=\"https:\/\/i0.wp.com\/mazet-st-voy.com\/wp-content\/uploads\/2023\/10\/voiture-equipee2-300x225.jpg?resize=300%2C225&#038;ssl=1\" alt=\"\" width=\"300\" height=\"225\" srcset=\"https:\/\/i0.wp.com\/mazet-st-voy.com\/wp-content\/uploads\/2023\/10\/voiture-equipee2-scaled.jpg?resize=300%2C225&amp;ssl=1 300w, https:\/\/i0.wp.com\/mazet-st-voy.com\/wp-content\/uploads\/2023\/10\/voiture-equipee2-scaled.jpg?w=2400&amp;ssl=1 2400w\" sizes=\"auto, (max-width: 300px) 100vw, 300px\" \/> <img data-recalc-dims=\"1\" loading=\"lazy\" decoding=\"async\" class=\"aligncenter size-medium wp-image-3428\" src=\"https:\/\/i0.wp.com\/mazet-st-voy.com\/wp-content\/uploads\/2023\/10\/officiels-voiture-Geodis.jpg?resize=1%2C1&#038;ssl=1\" alt=\"\" width=\"1\" height=\"1\"><\/p>\n<p style=\"font-weight: 400;\"><img data-recalc-dims=\"1\" loading=\"lazy\" decoding=\"async\" class=\"aligncenter size-medium wp-image-3429\" src=\"https:\/\/i0.wp.com\/mazet-st-voy.com\/wp-content\/uploads\/2023\/10\/voiture-equipee.jpg?resize=1%2C1&#038;ssl=1\" alt=\"\" width=\"1\" height=\"1\"> <img data-recalc-dims=\"1\" loading=\"lazy\" decoding=\"async\" class=\"aligncenter size-medium wp-image-3428\" src=\"https:\/\/i0.wp.com\/mazet-st-voy.com\/wp-content\/uploads\/2023\/10\/officiels-voiture-Geodis.jpg?resize=1%2C1&#038;ssl=1\" alt=\"\" width=\"1\" height=\"1\"><img data-recalc-dims=\"1\" loading=\"lazy\" decoding=\"async\" class=\"aligncenter size-medium wp-image-3428\" src=\"https:\/\/i0.wp.com\/mazet-st-voy.com\/wp-content\/uploads\/2023\/10\/officiels-voiture-Geodis.jpg?resize=1%2C1&#038;ssl=1\" alt=\"\" width=\"1\" height=\"1\"><\/p>\n","protected":false},"excerpt":{"rendered":"<p>\u00ab&nbsp;Au moyen d\u2019une cam\u00e9ra HD embarqu\u00e9e sur la voiture du facteur, Geoptis, filiale du groupe La Poste, va filmer cette semaine 49 kilom\u00e8tres de route de la commune du Mazet St Voy. Objectif faciliter la gestion de la voirie avec cette collecte d\u2019informations qui permettra d\u2019\u00e9valuer le patrimoine routier et d\u2019optimiser les d\u00e9penses d\u2019entretien des [&hellip;]<\/p>\n","protected":false},"author":1,"featured_media":0,"comment_status":"closed","ping_status":"open","sticky":false,"template":"","format":"standard","meta":{"ngg_post_thumbnail":0,"_jetpack_memberships_contains_paid_content":false,"footnotes":"","jetpack_publicize_message":"","jetpack_publicize_feature_enabled":true,"jetpack_social_post_already_shared":true,"jetpack_social_options":{"image_generator_settings":{"template":"highway","default_image_id":0,"font":"","enabled":false},"version":2}},"categories":[1,9],"tags":[],"class_list":["post-3431","post","type-post","status-publish","format-standard","hentry","category-non-classe","category-vie-municipale","entry"],"aioseo_notices":[],"jetpack_publicize_connections":[],"jetpack_featured_media_url":"","jetpack_shortlink":"https:\/\/wp.me\/padW9w-Tl","jetpack_sharing_enabled":true,"jetpack-related-posts":[{"id":3476,"url":"https:\/\/mazet-st-voy.com\/?p=3476","url_meta":{"origin":3431,"position":0},"title":"Signature de la DSP pour le nouveau r\u00e9seau de chaleur&#8230;","author":"admin9404","date":"15 d\u00e9cembre 2023","format":false,"excerpt":"Ce lundi 11 d\u00e9cembre en mairie, le Maire Alain Debard a sign\u00e9 officiellement l'accord pour la d\u00e9l\u00e9gation de service public avec ERE43 afin d\u00e9velopper le nouveau r\u00e9seau de chaleur. Celui-ci, \u00a0partant d'une nouvelle unit\u00e9 de production de chaleur pr\u00e8s de l'\u00e9cole, va rejoindre la production d'Albert Camus descendre la route\u2026","rel":"","context":"Dans &quot;VIE MUNICIPALE&quot;","block_context":{"text":"VIE MUNICIPALE","link":"https:\/\/mazet-st-voy.com\/?cat=9"},"img":{"alt_text":"","src":"https:\/\/i0.wp.com\/mazet-st-voy.com\/wp-content\/uploads\/2023\/12\/20231212_115612-300x225.jpg?resize=350%2C200&ssl=1","width":350,"height":200},"classes":[]},{"id":2777,"url":"https:\/\/mazet-st-voy.com\/?p=2777","url_meta":{"origin":3431,"position":1},"title":"Recrutement d\u2019un responsable camping&#8230;","author":"admin9404","date":"17 f\u00e9vrier 2021","format":false,"excerpt":"La Mairie du Mazet St Voy recrute un(e) responsable camping pour la saison 2021. Ce poste est \u00e0 pourvoir pour la p\u00e9riode du 10 Avril au 17 Octobre 2021. Go\u00fbt affirm\u00e9 de la convivialit\u00e9, ordonn\u00e9 et rigoureux dans la gestion, disponible, bricoleur\u2026.si vous pensez avoir ces qualit\u00e9s et \u00eates int\u00e9ress\u00e9s\u2026","rel":"","context":"Dans &quot;VIE MUNICIPALE&quot;","block_context":{"text":"VIE MUNICIPALE","link":"https:\/\/mazet-st-voy.com\/?cat=9"},"img":{"alt_text":"","src":"https:\/\/i0.wp.com\/mazet-st-voy.com\/wp-content\/uploads\/2021\/02\/mazet-logo-585x959-1.jpg?resize=350%2C200&ssl=1","width":350,"height":200,"srcset":"https:\/\/i0.wp.com\/mazet-st-voy.com\/wp-content\/uploads\/2021\/02\/mazet-logo-585x959-1.jpg?resize=350%2C200&ssl=1 1x, https:\/\/i0.wp.com\/mazet-st-voy.com\/wp-content\/uploads\/2021\/02\/mazet-logo-585x959-1.jpg?resize=525%2C300&ssl=1 1.5x"},"classes":[]},{"id":2959,"url":"https:\/\/mazet-st-voy.com\/?p=2959","url_meta":{"origin":3431,"position":2},"title":"Ce Vendredi 23 Avril visite de l\u2019ancienne ministre Najat Vallaud-Belkacem dans le cadre des \u00e9lections r\u00e9gionales.","author":"admin9404","date":"27 avril 2021","format":false,"excerpt":"Ce vendredi, Najat Vallaud-Belkacem , ancienne ministre et candidate de la gauche aux prochaines \u00e9lections r\u00e9gionales \u00e9tait en visite sur notre r\u00e9gion, d\u2019Yssingeaux au Mazet le matin, au Chambon l\u2019apr\u00e8s-midi. C\u2019\u00e9tait l\u2019occasion de prendre du temps pour aller au-devant d\u2019acteurs locaux ou d\u2019\u00e9lus pr\u00e9sentant leurs derni\u00e8res r\u00e9alisations, d\u2019\u00e9changer avec eux.\u2026","rel":"","context":"Dans &quot;CALIBERT&quot;","block_context":{"text":"CALIBERT","link":"https:\/\/mazet-st-voy.com\/?cat=4"},"img":{"alt_text":"","src":"https:\/\/i0.wp.com\/mazet-st-voy.com\/wp-content\/uploads\/2021\/04\/Najat-Vallaud-Belkacem4.jpg?resize=350%2C200&ssl=1","width":350,"height":200,"srcset":"https:\/\/i0.wp.com\/mazet-st-voy.com\/wp-content\/uploads\/2021\/04\/Najat-Vallaud-Belkacem4.jpg?resize=350%2C200&ssl=1 1x, https:\/\/i0.wp.com\/mazet-st-voy.com\/wp-content\/uploads\/2021\/04\/Najat-Vallaud-Belkacem4.jpg?resize=525%2C300&ssl=1 1.5x, https:\/\/i0.wp.com\/mazet-st-voy.com\/wp-content\/uploads\/2021\/04\/Najat-Vallaud-Belkacem4.jpg?resize=700%2C400&ssl=1 2x, https:\/\/i0.wp.com\/mazet-st-voy.com\/wp-content\/uploads\/2021\/04\/Najat-Vallaud-Belkacem4.jpg?resize=1050%2C600&ssl=1 3x, https:\/\/i0.wp.com\/mazet-st-voy.com\/wp-content\/uploads\/2021\/04\/Najat-Vallaud-Belkacem4.jpg?resize=1400%2C800&ssl=1 4x"},"classes":[]},{"id":3087,"url":"https:\/\/mazet-st-voy.com\/?p=3087","url_meta":{"origin":3431,"position":3},"title":"Reprise de la chorale&#8230;..","author":"admin9404","date":"8 octobre 2021","format":false,"excerpt":"La chorale du Mazet\u00a0\"Voix ci Voy\u00a0la\"\u00a0reprend ses activit\u00e9s avec un nouveau \u00a0 \u00a0 \u00a0 chef de ch\u0153ur : Jean Claude Soubeyrand. Cette chorale d'adultes, ouverte \u00e0 tous, avec un r\u00e9pertoire vari\u00e9, r\u00e9p\u00e8tera le\u00a0jeudi de 19h45 \u00e0 21h45\u00a0\u00e0 la mairie\u00a0du Mazet Saint Voy. Si vous avez envie de chanter, ou d'en\u2026","rel":"","context":"Dans &quot;CULTURE&quot;","block_context":{"text":"CULTURE","link":"https:\/\/mazet-st-voy.com\/?cat=10"},"img":{"alt_text":"","src":"https:\/\/i0.wp.com\/mazet-st-voy.com\/wp-content\/uploads\/2021\/10\/chorale.jpg?resize=350%2C200&ssl=1","width":350,"height":200,"srcset":"https:\/\/i0.wp.com\/mazet-st-voy.com\/wp-content\/uploads\/2021\/10\/chorale.jpg?resize=350%2C200&ssl=1 1x, https:\/\/i0.wp.com\/mazet-st-voy.com\/wp-content\/uploads\/2021\/10\/chorale.jpg?resize=525%2C300&ssl=1 1.5x"},"classes":[]},{"id":3503,"url":"https:\/\/mazet-st-voy.com\/?p=3503","url_meta":{"origin":3431,"position":4},"title":"Voeux du Maire Alain Debard","author":"admin9404","date":"26 janvier 2024","format":false,"excerpt":"Dans le bilan de l\u2019ann\u00e9e 2023 il faut mentionner que nous avons \u00e9t\u00e9 retenus \u00ab\u00a0Village d\u2019avenir\u00a0\u00bb, avec 35 autres communes rurales en Haute-Loire, pour un accompagnement dans nos projets. Ce classement nous permettra de b\u00e9n\u00e9ficier d\u2019une assistance gratuite sur ces projets et surtout la r\u00e9novation du carrefour central avec ses\u2026","rel":"","context":"Dans &quot;VIE MUNICIPALE&quot;","block_context":{"text":"VIE MUNICIPALE","link":"https:\/\/mazet-st-voy.com\/?cat=9"},"img":{"alt_text":"","src":"https:\/\/i0.wp.com\/mazet-st-voy.com\/wp-content\/uploads\/2024\/01\/voeux1-300x225.jpg?resize=350%2C200&ssl=1","width":350,"height":200},"classes":[]},{"id":2269,"url":"https:\/\/mazet-st-voy.com\/?p=2269","url_meta":{"origin":3431,"position":5},"title":"Festival Contes en Marches : Vendredi 31 Mai 20h30 (salle sous la mairie)","author":"admin9404","date":"28 mai 2019","format":false,"excerpt":"Le Festival Contes en Marches vous propose : Le spectacle \"Les tr\u00e9sors de la Terre\" avec Bertrand CHOLLAT. Ce spectacle vous propose une succession de contes, pr\u00e9cieusement choisis dans les diff\u00e9rentes traditions de la terre abordant des th\u00e8mes aussi vari\u00e9s que l'amour, la ruse, l'ambition, la col\u00e8re, la v\u00e9rit\u00e9, la\u2026","rel":"","context":"Dans &quot;CULTURE&quot;","block_context":{"text":"CULTURE","link":"https:\/\/mazet-st-voy.com\/?cat=10"},"img":{"alt_text":"","src":"","width":0,"height":0},"classes":[]}],"_links":{"self":[{"href":"https:\/\/mazet-st-voy.com\/index.php?rest_route=\/wp\/v2\/posts\/3431","targetHints":{"allow":["GET"]}}],"collection":[{"href":"https:\/\/mazet-st-voy.com\/index.php?rest_route=\/wp\/v2\/posts"}],"about":[{"href":"https:\/\/mazet-st-voy.com\/index.php?rest_route=\/wp\/v2\/types\/post"}],"author":[{"embeddable":true,"href":"https:\/\/mazet-st-voy.com\/index.php?rest_route=\/wp\/v2\/users\/1"}],"replies":[{"embeddable":true,"href":"https:\/\/mazet-st-voy.com\/index.php?rest_route=%2Fwp%2Fv2%2Fcomments&post=3431"}],"version-history":[{"count":1,"href":"https:\/\/mazet-st-voy.com\/index.php?rest_route=\/wp\/v2\/posts\/3431\/revisions"}],"predecessor-version":[{"id":3432,"href":"https:\/\/mazet-st-voy.com\/index.php?rest_route=\/wp\/v2\/posts\/3431\/revisions\/3432"}],"wp:attachment":[{"href":"https:\/\/mazet-st-voy.com\/index.php?rest_route=%2Fwp%2Fv2%2Fmedia&parent=3431"}],"wp:term":[{"taxonomy":"category","embeddable":true,"href":"https:\/\/mazet-st-voy.com\/index.php?rest_route=%2Fwp%2Fv2%2Fcategories&post=3431"},{"taxonomy":"post_tag","embeddable":true,"href":"https:\/\/mazet-st-voy.com\/index.php?rest_route=%2Fwp%2Fv2%2Ftags&post=3431"}],"curies":[{"name":"wp","href":"https:\/\/api.w.org\/{rel}","templated":true}]}}