{"id":3454,"date":"2023-10-30T10:26:47","date_gmt":"2023-10-30T09:26:47","guid":{"rendered":"https:\/\/mazet-st-voy.com\/?p=3454"},"modified":"2024-10-03T16:28:24","modified_gmt":"2024-10-03T14:28:24","slug":"repas-des-benevoles-de-la-fete-du-village","status":"publish","type":"post","link":"https:\/\/mazet-st-voy.com\/?p=3454","title":{"rendered":"Repas des b\u00e9n\u00e9voles de la f\u00eate du village"},"content":{"rendered":"\n\n\n<p>Dimanche 22 Octobre 2023, plus de 110 personnes au repas de remerciement pour la participation des b\u00e9n\u00e9voles \u00e0 la f\u00eate du village. Le comit\u00e9 d&rsquo;animation s&rsquo;\u00e9tait &nbsp;install\u00e9 \u00e0 la \u00ab\u00a0r\u00e9sidence du Lisieux \u00ab\u00a0pour concocter le repas, r\u00e9partir les tables et servir l&rsquo;ap\u00e9ritif. Apr\u00e8s un discours de remerciement du Maire Alain DEBARD qui portait sur l&rsquo;importance de ces engagements collectifs dans la commune, le pr\u00e9sident Alain RUEL a lu une lettre de remerciement de la famille PLOTON pour le soutien que le groupe de b\u00e9n\u00e9voles leur a t\u00e9moign\u00e9.<\/p>\n<p>retour en photos:<\/p>\n<table style=\"border-collapse: collapse; width: 100%;\">\n<tbody>\n<tr>\n<td style=\"width: 25%;\"><img data-recalc-dims=\"1\" loading=\"lazy\" decoding=\"async\" class=\"aligncenter size-medium wp-image-3452\" src=\"https:\/\/i0.wp.com\/mazet-st-voy.com\/wp-content\/uploads\/2023\/10\/2023-repas-des-benevoles15-Moyenne-1.jpeg?resize=300%2C225&#038;ssl=1\" alt=\"\" width=\"300\" height=\"225\" srcset=\"https:\/\/i0.wp.com\/mazet-st-voy.com\/wp-content\/uploads\/2023\/10\/2023-repas-des-benevoles15-Moyenne-1.jpeg?resize=300%2C225&amp;ssl=1 300w, https:\/\/i0.wp.com\/mazet-st-voy.com\/wp-content\/uploads\/2023\/10\/2023-repas-des-benevoles15-Moyenne-1.jpeg?w=640&amp;ssl=1 640w\" sizes=\"auto, (max-width: 300px) 100vw, 300px\" \/><\/td>\n<td style=\"width: 25%;\"><img data-recalc-dims=\"1\" loading=\"lazy\" decoding=\"async\" class=\"aligncenter size-medium wp-image-3451\" src=\"https:\/\/i0.wp.com\/mazet-st-voy.com\/wp-content\/uploads\/2023\/10\/2023-repas-des-benevoles6-Moyenne.jpeg?resize=225%2C300&#038;ssl=1\" alt=\"\" width=\"225\" height=\"300\" srcset=\"https:\/\/i0.wp.com\/mazet-st-voy.com\/wp-content\/uploads\/2023\/10\/2023-repas-des-benevoles6-Moyenne.jpeg?resize=225%2C300&amp;ssl=1 225w, https:\/\/i0.wp.com\/mazet-st-voy.com\/wp-content\/uploads\/2023\/10\/2023-repas-des-benevoles6-Moyenne.jpeg?w=480&amp;ssl=1 480w\" sizes=\"auto, (max-width: 225px) 100vw, 225px\" \/><\/td>\n<td style=\"width: 25%;\"><img data-recalc-dims=\"1\" loading=\"lazy\" decoding=\"async\" class=\"aligncenter size-medium wp-image-3450\" src=\"https:\/\/i0.wp.com\/mazet-st-voy.com\/wp-content\/uploads\/2023\/10\/2023-repas-des-benevoles36-Moyenne.jpeg?resize=225%2C300&#038;ssl=1\" alt=\"\" width=\"225\" height=\"300\" srcset=\"https:\/\/i0.wp.com\/mazet-st-voy.com\/wp-content\/uploads\/2023\/10\/2023-repas-des-benevoles36-Moyenne.jpeg?resize=225%2C300&amp;ssl=1 225w, https:\/\/i0.wp.com\/mazet-st-voy.com\/wp-content\/uploads\/2023\/10\/2023-repas-des-benevoles36-Moyenne.jpeg?w=480&amp;ssl=1 480w\" sizes=\"auto, (max-width: 225px) 100vw, 225px\" \/><\/td>\n<td style=\"width: 25%;\"><img data-recalc-dims=\"1\" loading=\"lazy\" decoding=\"async\" class=\"aligncenter size-medium wp-image-3449\" src=\"https:\/\/i0.wp.com\/mazet-st-voy.com\/wp-content\/uploads\/2023\/10\/2023-repas-des-benevoles31-Moyenne.jpeg?resize=300%2C225&#038;ssl=1\" alt=\"\" width=\"300\" height=\"225\" srcset=\"https:\/\/i0.wp.com\/mazet-st-voy.com\/wp-content\/uploads\/2023\/10\/2023-repas-des-benevoles31-Moyenne.jpeg?resize=300%2C225&amp;ssl=1 300w, https:\/\/i0.wp.com\/mazet-st-voy.com\/wp-content\/uploads\/2023\/10\/2023-repas-des-benevoles31-Moyenne.jpeg?w=640&amp;ssl=1 640w\" sizes=\"auto, (max-width: 300px) 100vw, 300px\" \/><\/td>\n<\/tr>\n<tr>\n<td style=\"width: 25%;\"><img data-recalc-dims=\"1\" loading=\"lazy\" decoding=\"async\" class=\"aligncenter size-medium wp-image-3448\" src=\"https:\/\/i0.wp.com\/mazet-st-voy.com\/wp-content\/uploads\/2023\/10\/2023-repas-des-benevoles28-Moyenne.jpeg?resize=300%2C225&#038;ssl=1\" alt=\"\" width=\"300\" height=\"225\" srcset=\"https:\/\/i0.wp.com\/mazet-st-voy.com\/wp-content\/uploads\/2023\/10\/2023-repas-des-benevoles28-Moyenne.jpeg?resize=300%2C225&amp;ssl=1 300w, https:\/\/i0.wp.com\/mazet-st-voy.com\/wp-content\/uploads\/2023\/10\/2023-repas-des-benevoles28-Moyenne.jpeg?w=640&amp;ssl=1 640w\" sizes=\"auto, (max-width: 300px) 100vw, 300px\" \/><\/td>\n<td style=\"width: 25%;\"><img data-recalc-dims=\"1\" loading=\"lazy\" decoding=\"async\" class=\"aligncenter size-medium wp-image-3447\" src=\"https:\/\/i0.wp.com\/mazet-st-voy.com\/wp-content\/uploads\/2023\/10\/2023-repas-des-benevoles22-Moyenne.jpeg?resize=300%2C225&#038;ssl=1\" alt=\"\" width=\"300\" height=\"225\" srcset=\"https:\/\/i0.wp.com\/mazet-st-voy.com\/wp-content\/uploads\/2023\/10\/2023-repas-des-benevoles22-Moyenne.jpeg?resize=300%2C225&amp;ssl=1 300w, https:\/\/i0.wp.com\/mazet-st-voy.com\/wp-content\/uploads\/2023\/10\/2023-repas-des-benevoles22-Moyenne.jpeg?w=640&amp;ssl=1 640w\" sizes=\"auto, (max-width: 300px) 100vw, 300px\" \/><\/td>\n<td style=\"width: 25%;\"><img data-recalc-dims=\"1\" loading=\"lazy\" decoding=\"async\" class=\"aligncenter size-medium wp-image-3446\" src=\"https:\/\/i0.wp.com\/mazet-st-voy.com\/wp-content\/uploads\/2023\/10\/2023-repas-des-benevoles16-Moyenne.jpeg?resize=300%2C225&#038;ssl=1\" alt=\"\" width=\"300\" height=\"225\" srcset=\"https:\/\/i0.wp.com\/mazet-st-voy.com\/wp-content\/uploads\/2023\/10\/2023-repas-des-benevoles16-Moyenne.jpeg?resize=300%2C225&amp;ssl=1 300w, https:\/\/i0.wp.com\/mazet-st-voy.com\/wp-content\/uploads\/2023\/10\/2023-repas-des-benevoles16-Moyenne.jpeg?w=640&amp;ssl=1 640w\" sizes=\"auto, (max-width: 300px) 100vw, 300px\" \/><\/td>\n<td style=\"width: 25%;\"><img data-recalc-dims=\"1\" loading=\"lazy\" decoding=\"async\" class=\"aligncenter size-medium wp-image-3444\" src=\"https:\/\/i0.wp.com\/mazet-st-voy.com\/wp-content\/uploads\/2023\/10\/2023-repas-des-benevoles13-Moyenne.jpeg?resize=225%2C300&#038;ssl=1\" alt=\"\" width=\"225\" height=\"300\" srcset=\"https:\/\/i0.wp.com\/mazet-st-voy.com\/wp-content\/uploads\/2023\/10\/2023-repas-des-benevoles13-Moyenne.jpeg?resize=225%2C300&amp;ssl=1 225w, https:\/\/i0.wp.com\/mazet-st-voy.com\/wp-content\/uploads\/2023\/10\/2023-repas-des-benevoles13-Moyenne.jpeg?w=480&amp;ssl=1 480w\" sizes=\"auto, (max-width: 225px) 100vw, 225px\" \/><\/td>\n<\/tr>\n<tr>\n<td style=\"width: 25%;\"><img data-recalc-dims=\"1\" loading=\"lazy\" decoding=\"async\" class=\"aligncenter size-medium wp-image-3443\" src=\"https:\/\/i0.wp.com\/mazet-st-voy.com\/wp-content\/uploads\/2023\/10\/2023-repas-des-benevoles12-Moyenne.jpeg?resize=300%2C225&#038;ssl=1\" alt=\"\" width=\"300\" height=\"225\" srcset=\"https:\/\/i0.wp.com\/mazet-st-voy.com\/wp-content\/uploads\/2023\/10\/2023-repas-des-benevoles12-Moyenne.jpeg?resize=300%2C225&amp;ssl=1 300w, https:\/\/i0.wp.com\/mazet-st-voy.com\/wp-content\/uploads\/2023\/10\/2023-repas-des-benevoles12-Moyenne.jpeg?w=640&amp;ssl=1 640w\" sizes=\"auto, (max-width: 300px) 100vw, 300px\" \/><\/td>\n<td style=\"width: 25%;\"><img data-recalc-dims=\"1\" loading=\"lazy\" decoding=\"async\" class=\"aligncenter size-medium wp-image-3442\" src=\"https:\/\/i0.wp.com\/mazet-st-voy.com\/wp-content\/uploads\/2023\/10\/2023-repas-des-benevoles9-Moyenne.jpeg?resize=300%2C225&#038;ssl=1\" alt=\"\" width=\"300\" height=\"225\" srcset=\"https:\/\/i0.wp.com\/mazet-st-voy.com\/wp-content\/uploads\/2023\/10\/2023-repas-des-benevoles9-Moyenne.jpeg?resize=300%2C225&amp;ssl=1 300w, https:\/\/i0.wp.com\/mazet-st-voy.com\/wp-content\/uploads\/2023\/10\/2023-repas-des-benevoles9-Moyenne.jpeg?w=640&amp;ssl=1 640w\" sizes=\"auto, (max-width: 300px) 100vw, 300px\" \/><\/td>\n<td style=\"width: 25%;\"><img data-recalc-dims=\"1\" loading=\"lazy\" decoding=\"async\" class=\"aligncenter size-medium wp-image-3441\" src=\"https:\/\/i0.wp.com\/mazet-st-voy.com\/wp-content\/uploads\/2023\/10\/2023-repas-des-benevoles5-Moyenne.jpeg?resize=300%2C225&#038;ssl=1\" alt=\"\" width=\"300\" height=\"225\" srcset=\"https:\/\/i0.wp.com\/mazet-st-voy.com\/wp-content\/uploads\/2023\/10\/2023-repas-des-benevoles5-Moyenne.jpeg?resize=300%2C225&amp;ssl=1 300w, https:\/\/i0.wp.com\/mazet-st-voy.com\/wp-content\/uploads\/2023\/10\/2023-repas-des-benevoles5-Moyenne.jpeg?w=640&amp;ssl=1 640w\" sizes=\"auto, (max-width: 300px) 100vw, 300px\" \/><\/td>\n<td style=\"width: 25%;\"><img data-recalc-dims=\"1\" loading=\"lazy\" decoding=\"async\" class=\"aligncenter size-medium wp-image-3458\" src=\"https:\/\/i0.wp.com\/mazet-st-voy.com\/wp-content\/uploads\/2023\/10\/2023-repas-des-benevoles30-Moyenne.jpeg?resize=300%2C225&#038;ssl=1\" alt=\"\" width=\"300\" height=\"225\" srcset=\"https:\/\/i0.wp.com\/mazet-st-voy.com\/wp-content\/uploads\/2023\/10\/2023-repas-des-benevoles30-Moyenne.jpeg?resize=300%2C225&amp;ssl=1 300w, https:\/\/i0.wp.com\/mazet-st-voy.com\/wp-content\/uploads\/2023\/10\/2023-repas-des-benevoles30-Moyenne.jpeg?w=640&amp;ssl=1 640w\" sizes=\"auto, (max-width: 300px) 100vw, 300px\" \/><\/td>\n<\/tr>\n<tr>\n<td style=\"width: 25%;\"><img data-recalc-dims=\"1\" loading=\"lazy\" decoding=\"async\" class=\"aligncenter size-medium wp-image-3438\" src=\"https:\/\/i0.wp.com\/mazet-st-voy.com\/wp-content\/uploads\/2023\/10\/2023-repas-des-benevoles2-Moyenne.jpeg?resize=225%2C300&#038;ssl=1\" alt=\"\" width=\"225\" height=\"300\" srcset=\"https:\/\/i0.wp.com\/mazet-st-voy.com\/wp-content\/uploads\/2023\/10\/2023-repas-des-benevoles2-Moyenne.jpeg?resize=225%2C300&amp;ssl=1 225w, https:\/\/i0.wp.com\/mazet-st-voy.com\/wp-content\/uploads\/2023\/10\/2023-repas-des-benevoles2-Moyenne.jpeg?w=480&amp;ssl=1 480w\" sizes=\"auto, (max-width: 225px) 100vw, 225px\" \/><\/td>\n<td style=\"width: 25%;\"><img data-recalc-dims=\"1\" loading=\"lazy\" decoding=\"async\" class=\"aligncenter size-medium wp-image-3437\" src=\"https:\/\/i0.wp.com\/mazet-st-voy.com\/wp-content\/uploads\/2023\/10\/2023-repas-des-benevoles1-Moyenne.jpeg?resize=225%2C300&#038;ssl=1\" alt=\"\" width=\"225\" height=\"300\" srcset=\"https:\/\/i0.wp.com\/mazet-st-voy.com\/wp-content\/uploads\/2023\/10\/2023-repas-des-benevoles1-Moyenne.jpeg?resize=225%2C300&amp;ssl=1 225w, https:\/\/i0.wp.com\/mazet-st-voy.com\/wp-content\/uploads\/2023\/10\/2023-repas-des-benevoles1-Moyenne.jpeg?w=480&amp;ssl=1 480w\" sizes=\"auto, (max-width: 225px) 100vw, 225px\" \/><\/td>\n<td style=\"width: 25%;\"><img data-recalc-dims=\"1\" loading=\"lazy\" decoding=\"async\" class=\"aligncenter size-medium wp-image-3459\" src=\"https:\/\/i0.wp.com\/mazet-st-voy.com\/wp-content\/uploads\/2023\/10\/2023-repas-des-benevoles29-Moyenne.jpeg?resize=300%2C225&#038;ssl=1\" alt=\"\" width=\"300\" height=\"225\" srcset=\"https:\/\/i0.wp.com\/mazet-st-voy.com\/wp-content\/uploads\/2023\/10\/2023-repas-des-benevoles29-Moyenne.jpeg?resize=300%2C225&amp;ssl=1 300w, https:\/\/i0.wp.com\/mazet-st-voy.com\/wp-content\/uploads\/2023\/10\/2023-repas-des-benevoles29-Moyenne.jpeg?w=640&amp;ssl=1 640w\" sizes=\"auto, (max-width: 300px) 100vw, 300px\" \/><\/td>\n<td style=\"width: 25%;\"><img data-recalc-dims=\"1\" loading=\"lazy\" decoding=\"async\" class=\"aligncenter size-medium wp-image-3460\" src=\"https:\/\/i0.wp.com\/mazet-st-voy.com\/wp-content\/uploads\/2023\/10\/2023-repas-des-benevoles10-Moyenne.jpeg?resize=300%2C225&#038;ssl=1\" alt=\"\" width=\"300\" height=\"225\" srcset=\"https:\/\/i0.wp.com\/mazet-st-voy.com\/wp-content\/uploads\/2023\/10\/2023-repas-des-benevoles10-Moyenne.jpeg?resize=300%2C225&amp;ssl=1 300w, https:\/\/i0.wp.com\/mazet-st-voy.com\/wp-content\/uploads\/2023\/10\/2023-repas-des-benevoles10-Moyenne.jpeg?w=640&amp;ssl=1 640w\" sizes=\"auto, (max-width: 300px) 100vw, 300px\" \/><\/td>\n<\/tr>\n<\/tbody>\n<\/table>\n<p><br>&nbsp;<\/p>\n","protected":false},"excerpt":{"rendered":"<p>Dimanche 22 Octobre 2023, plus de 110 personnes au repas de remerciement pour la participation des b\u00e9n\u00e9voles \u00e0 la f\u00eate du village. Le comit\u00e9 d&rsquo;animation s&rsquo;\u00e9tait &nbsp;install\u00e9 \u00e0 la \u00ab\u00a0r\u00e9sidence du Lisieux \u00ab\u00a0pour concocter le repas, r\u00e9partir les tables et servir l&rsquo;ap\u00e9ritif. Apr\u00e8s un discours de remerciement du Maire Alain DEBARD qui portait sur l&rsquo;importance [&hellip;]<\/p>\n","protected":false},"author":1,"featured_media":0,"comment_status":"closed","ping_status":"open","sticky":false,"template":"","format":"standard","meta":{"ngg_post_thumbnail":0,"_jetpack_memberships_contains_paid_content":false,"footnotes":"","jetpack_publicize_message":"","jetpack_publicize_feature_enabled":true,"jetpack_social_post_already_shared":true,"jetpack_social_options":{"image_generator_settings":{"template":"highway","default_image_id":0,"font":"","enabled":false},"version":2}},"categories":[1,13],"tags":[],"class_list":["post-3454","post","type-post","status-publish","format-standard","hentry","category-non-classe","category-vie-associative","entry"],"aioseo_notices":[],"jetpack_publicize_connections":[],"jetpack_featured_media_url":"","jetpack_shortlink":"https:\/\/wp.me\/padW9w-TI","jetpack_sharing_enabled":true,"jetpack-related-posts":[{"id":3189,"url":"https:\/\/mazet-st-voy.com\/?p=3189","url_meta":{"origin":3454,"position":0},"title":"Ukraine le Mazet s&rsquo;organise pour la collecte des dons.","author":"admin9404","date":"11 mars 2022","format":false,"excerpt":"\u00a0\u00a0\u00a0\u00a0\u00a0\u00a0\u00a0\u00a0\u00a0\u00a0\u00a0\u00a0\u00a0\u00a0\u00a0\u00a0\u00a0\u00a0\u00a0\u00a0\u00a0\u00a0\u00a0\u00a0\u00a0\u00a0\u00a0\u00a0\u00a0\u00a0\u00a0\u00a0\u00a0\u00a0\u00a0\u00a0 ACCUEIL de REFUGIES UKRAINIENS Etant donn\u00e9 le nombre important de personnes d\u2019origine ukrainiennes ( environ 50 \u00e0 cette heure) susceptibles d\u2019\u00eatre accueillies chez nous pour une dur\u00e9e que nous ne pouvons estimer, nous continuons le recensement des logements disponibles. Logement plut\u00f4t que chambres pour ne pas s\u00e9parer des familles\u2026","rel":"","context":"Dans &quot;URGENCE&quot;","block_context":{"text":"URGENCE","link":"https:\/\/mazet-st-voy.com\/?cat=17"},"img":{"alt_text":"","src":"","width":0,"height":0},"classes":[]},{"id":3503,"url":"https:\/\/mazet-st-voy.com\/?p=3503","url_meta":{"origin":3454,"position":1},"title":"Voeux du Maire Alain Debard","author":"admin9404","date":"26 janvier 2024","format":false,"excerpt":"Dans le bilan de l\u2019ann\u00e9e 2023 il faut mentionner que nous avons \u00e9t\u00e9 retenus \u00ab\u00a0Village d\u2019avenir\u00a0\u00bb, avec 35 autres communes rurales en Haute-Loire, pour un accompagnement dans nos projets. Ce classement nous permettra de b\u00e9n\u00e9ficier d\u2019une assistance gratuite sur ces projets et surtout la r\u00e9novation du carrefour central avec ses\u2026","rel":"","context":"Dans &quot;VIE MUNICIPALE&quot;","block_context":{"text":"VIE MUNICIPALE","link":"https:\/\/mazet-st-voy.com\/?cat=9"},"img":{"alt_text":"","src":"https:\/\/i0.wp.com\/mazet-st-voy.com\/wp-content\/uploads\/2024\/01\/voeux1-300x225.jpg?resize=350%2C200&ssl=1","width":350,"height":200},"classes":[]},{"id":2130,"url":"https:\/\/mazet-st-voy.com\/?p=2130","url_meta":{"origin":3454,"position":2},"title":"Concert du Kirk Joseph&rsquo;s French Backyard Groove, le samedi 02 f\u00e9vrier \u00e0 20h30","author":"admin9404","date":"24 janvier 2019","format":false,"excerpt":"Kirk Joseph, le roi du sousaphone de la Nouvelle-Orl\u00e9ans, f\u00eate cette ann\u00e9e ses 40 ans de tourn\u00e9e avec son groupe l\u00e9gendaire: le Dirty Dozen Brass Band. Son groove et sa dext\u00e9rit\u00e9 sur ce si gros instrument qu'est le sousaphone sont une r\u00e9f\u00e9rence mondiale. Il est en France au d\u00e9but de\u2026","rel":"","context":"Dans &quot;CALIBERT&quot;","block_context":{"text":"CALIBERT","link":"https:\/\/mazet-st-voy.com\/?cat=4"},"img":{"alt_text":"","src":"https:\/\/i0.wp.com\/mazet-st-voy.com\/wp-content\/uploads\/2019\/01\/Soir%C3%A9e-Kirk-Joseph-2.jpg?resize=350%2C200&ssl=1","width":350,"height":200,"srcset":"https:\/\/i0.wp.com\/mazet-st-voy.com\/wp-content\/uploads\/2019\/01\/Soir%C3%A9e-Kirk-Joseph-2.jpg?resize=350%2C200&ssl=1 1x, https:\/\/i0.wp.com\/mazet-st-voy.com\/wp-content\/uploads\/2019\/01\/Soir%C3%A9e-Kirk-Joseph-2.jpg?resize=525%2C300&ssl=1 1.5x, https:\/\/i0.wp.com\/mazet-st-voy.com\/wp-content\/uploads\/2019\/01\/Soir%C3%A9e-Kirk-Joseph-2.jpg?resize=700%2C400&ssl=1 2x, https:\/\/i0.wp.com\/mazet-st-voy.com\/wp-content\/uploads\/2019\/01\/Soir%C3%A9e-Kirk-Joseph-2.jpg?resize=1050%2C600&ssl=1 3x, https:\/\/i0.wp.com\/mazet-st-voy.com\/wp-content\/uploads\/2019\/01\/Soir%C3%A9e-Kirk-Joseph-2.jpg?resize=1400%2C800&ssl=1 4x"},"classes":[]},{"id":3476,"url":"https:\/\/mazet-st-voy.com\/?p=3476","url_meta":{"origin":3454,"position":3},"title":"Signature de la DSP pour le nouveau r\u00e9seau de chaleur&#8230;","author":"admin9404","date":"15 d\u00e9cembre 2023","format":false,"excerpt":"Ce lundi 11 d\u00e9cembre en mairie, le Maire Alain Debard a sign\u00e9 officiellement l'accord pour la d\u00e9l\u00e9gation de service public avec ERE43 afin d\u00e9velopper le nouveau r\u00e9seau de chaleur. Celui-ci, \u00a0partant d'une nouvelle unit\u00e9 de production de chaleur pr\u00e8s de l'\u00e9cole, va rejoindre la production d'Albert Camus descendre la route\u2026","rel":"","context":"Dans &quot;VIE MUNICIPALE&quot;","block_context":{"text":"VIE MUNICIPALE","link":"https:\/\/mazet-st-voy.com\/?cat=9"},"img":{"alt_text":"","src":"https:\/\/i0.wp.com\/mazet-st-voy.com\/wp-content\/uploads\/2023\/12\/20231212_115612-300x225.jpg?resize=350%2C200&ssl=1","width":350,"height":200},"classes":[]},{"id":2901,"url":"https:\/\/mazet-st-voy.com\/?p=2901","url_meta":{"origin":3454,"position":4},"title":"C\u00e9r\u00e9monie fin de la guerre d&rsquo;Alg\u00e9rie du 19 Mars 1962.","author":"admin9404","date":"20 mars 2021","format":false,"excerpt":"Toujours peu nombreux pour cause de covid, l'association des anciens combattants a rendu hommage aux anciens de la guerre d'Alg\u00e9rie et comm\u00e9morer la fin de la guerre le 19 mars 1962 ce samedi \u00e0 11h30. Apr\u00e8s un rappel au devoir de m\u00e9moire le Maire Alain Debard a lu le discours\u2026","rel":"","context":"Dans &quot;VIE MUNICIPALE&quot;","block_context":{"text":"VIE MUNICIPALE","link":"https:\/\/mazet-st-voy.com\/?cat=9"},"img":{"alt_text":"","src":"https:\/\/i0.wp.com\/mazet-st-voy.com\/wp-content\/uploads\/2021\/03\/2021-20-Mars-ceremonie-guerre-dalgerie17.jpg?resize=350%2C200&ssl=1","width":350,"height":200,"srcset":"https:\/\/i0.wp.com\/mazet-st-voy.com\/wp-content\/uploads\/2021\/03\/2021-20-Mars-ceremonie-guerre-dalgerie17.jpg?resize=350%2C200&ssl=1 1x, https:\/\/i0.wp.com\/mazet-st-voy.com\/wp-content\/uploads\/2021\/03\/2021-20-Mars-ceremonie-guerre-dalgerie17.jpg?resize=525%2C300&ssl=1 1.5x, https:\/\/i0.wp.com\/mazet-st-voy.com\/wp-content\/uploads\/2021\/03\/2021-20-Mars-ceremonie-guerre-dalgerie17.jpg?resize=700%2C400&ssl=1 2x, https:\/\/i0.wp.com\/mazet-st-voy.com\/wp-content\/uploads\/2021\/03\/2021-20-Mars-ceremonie-guerre-dalgerie17.jpg?resize=1050%2C600&ssl=1 3x, https:\/\/i0.wp.com\/mazet-st-voy.com\/wp-content\/uploads\/2021\/03\/2021-20-Mars-ceremonie-guerre-dalgerie17.jpg?resize=1400%2C800&ssl=1 4x"},"classes":[]},{"id":3431,"url":"https:\/\/mazet-st-voy.com\/?p=3431","url_meta":{"origin":3454,"position":5},"title":"Geoptis analyse notre r\u00e9seau routier","author":"admin9404","date":"11 octobre 2023","format":false,"excerpt":"\u00ab\u00a0Au moyen d\u2019une cam\u00e9ra HD embarqu\u00e9e sur la voiture du facteur, Geoptis, filiale du groupe La Poste, va filmer cette semaine 49 kilom\u00e8tres de route de la commune du Mazet St Voy. Objectif faciliter la gestion de la voirie avec cette collecte d\u2019informations qui permettra d\u2019\u00e9valuer le patrimoine routier et\u2026","rel":"","context":"Dans &quot;Non class\u00e9&quot;","block_context":{"text":"Non class\u00e9","link":"https:\/\/mazet-st-voy.com\/?cat=1"},"img":{"alt_text":"","src":"https:\/\/i0.wp.com\/mazet-st-voy.com\/wp-content\/uploads\/2023\/10\/voiture-equipee2-300x225.jpg?resize=350%2C200&ssl=1","width":350,"height":200},"classes":[]}],"_links":{"self":[{"href":"https:\/\/mazet-st-voy.com\/index.php?rest_route=\/wp\/v2\/posts\/3454","targetHints":{"allow":["GET"]}}],"collection":[{"href":"https:\/\/mazet-st-voy.com\/index.php?rest_route=\/wp\/v2\/posts"}],"about":[{"href":"https:\/\/mazet-st-voy.com\/index.php?rest_route=\/wp\/v2\/types\/post"}],"author":[{"embeddable":true,"href":"https:\/\/mazet-st-voy.com\/index.php?rest_route=\/wp\/v2\/users\/1"}],"replies":[{"embeddable":true,"href":"https:\/\/mazet-st-voy.com\/index.php?rest_route=%2Fwp%2Fv2%2Fcomments&post=3454"}],"version-history":[{"count":3,"href":"https:\/\/mazet-st-voy.com\/index.php?rest_route=\/wp\/v2\/posts\/3454\/revisions"}],"predecessor-version":[{"id":3612,"href":"https:\/\/mazet-st-voy.com\/index.php?rest_route=\/wp\/v2\/posts\/3454\/revisions\/3612"}],"wp:attachment":[{"href":"https:\/\/mazet-st-voy.com\/index.php?rest_route=%2Fwp%2Fv2%2Fmedia&parent=3454"}],"wp:term":[{"taxonomy":"category","embeddable":true,"href":"https:\/\/mazet-st-voy.com\/index.php?rest_route=%2Fwp%2Fv2%2Fcategories&post=3454"},{"taxonomy":"post_tag","embeddable":true,"href":"https:\/\/mazet-st-voy.com\/index.php?rest_route=%2Fwp%2Fv2%2Ftags&post=3454"}],"curies":[{"name":"wp","href":"https:\/\/api.w.org\/{rel}","templated":true}]}}