{"id":3476,"date":"2023-12-15T09:54:19","date_gmt":"2023-12-15T08:54:19","guid":{"rendered":"https:\/\/mazet-st-voy.com\/?p=3476"},"modified":"2024-10-03T16:27:44","modified_gmt":"2024-10-03T14:27:44","slug":"signature-de-la-dsp-pour-le-nouveau-reseau-de-chaleur","status":"publish","type":"post","link":"https:\/\/mazet-st-voy.com\/?p=3476","title":{"rendered":"Signature de la DSP pour le nouveau r\u00e9seau de chaleur&#8230;"},"content":{"rendered":"\n<p>Ce lundi 11 d\u00e9cembre en mairie, le Maire Alain Debard a sign\u00e9 officiellement l&rsquo;accord pour la d\u00e9l\u00e9gation de service public avec ERE43 afin d\u00e9velopper le nouveau r\u00e9seau de chaleur. Celui-ci, &nbsp;partant d&rsquo;une nouvelle unit\u00e9 de production de chaleur pr\u00e8s de l&rsquo;\u00e9cole, va rejoindre la production d&rsquo;Albert Camus descendre la route du Lizieux et s&rsquo;\u00e9tendre route de Fay. Il raccordera une trentaine de particuliers dont la mairie, la poste, et la future r\u00e9sidence d&rsquo;habitat partag\u00e9. D\u00e9but des travaux juste avant avant l&rsquo;\u00e9t\u00e9 2024 pour une mise en fonction courant 2025.<\/p>\n<figure id=\"attachment_3475\" aria-describedby=\"caption-attachment-3475\" style=\"width: 300px\" class=\"wp-caption aligncenter\"><img data-recalc-dims=\"1\" loading=\"lazy\" decoding=\"async\" class=\"size-medium wp-image-3475\" src=\"https:\/\/i0.wp.com\/mazet-st-voy.com\/wp-content\/uploads\/2023\/12\/20231212_115612.jpg?resize=300%2C225&#038;ssl=1\" alt=\"\" width=\"300\" height=\"225\" srcset=\"https:\/\/i0.wp.com\/mazet-st-voy.com\/wp-content\/uploads\/2023\/12\/20231212_115612-scaled.jpg?resize=300%2C225&amp;ssl=1 300w, https:\/\/i0.wp.com\/mazet-st-voy.com\/wp-content\/uploads\/2023\/12\/20231212_115612-scaled.jpg?resize=1024%2C768&amp;ssl=1 1024w, https:\/\/i0.wp.com\/mazet-st-voy.com\/wp-content\/uploads\/2023\/12\/20231212_115612-scaled.jpg?resize=768%2C576&amp;ssl=1 768w, https:\/\/i0.wp.com\/mazet-st-voy.com\/wp-content\/uploads\/2023\/12\/20231212_115612-scaled.jpg?resize=1536%2C1152&amp;ssl=1 1536w, https:\/\/i0.wp.com\/mazet-st-voy.com\/wp-content\/uploads\/2023\/12\/20231212_115612-scaled.jpg?resize=2048%2C1536&amp;ssl=1 2048w, https:\/\/i0.wp.com\/mazet-st-voy.com\/wp-content\/uploads\/2023\/12\/20231212_115612-scaled.jpg?w=2400&amp;ssl=1 2400w\" sizes=\"auto, (max-width: 300px) 100vw, 300px\" \/><figcaption id=\"caption-attachment-3475\" class=\"wp-caption-text\">signature DSP avec ERE43 en mairie du Mazet St Voy<\/figcaption><\/figure>\n","protected":false},"excerpt":{"rendered":"<p>Ce lundi 11 d\u00e9cembre en mairie, le Maire Alain Debard a sign\u00e9 officiellement l&rsquo;accord pour la d\u00e9l\u00e9gation de service public avec ERE43 afin d\u00e9velopper le nouveau r\u00e9seau de chaleur. Celui-ci, &nbsp;partant d&rsquo;une nouvelle unit\u00e9 de production de chaleur pr\u00e8s de l&rsquo;\u00e9cole, va rejoindre la production d&rsquo;Albert Camus descendre la route du Lizieux et s&rsquo;\u00e9tendre route [&hellip;]<\/p>\n","protected":false},"author":1,"featured_media":0,"comment_status":"closed","ping_status":"open","sticky":false,"template":"","format":"standard","meta":{"ngg_post_thumbnail":0,"_jetpack_memberships_contains_paid_content":false,"footnotes":"","jetpack_publicize_message":"","jetpack_publicize_feature_enabled":true,"jetpack_social_post_already_shared":true,"jetpack_social_options":{"image_generator_settings":{"template":"highway","default_image_id":0,"font":"","enabled":false},"version":2}},"categories":[9],"tags":[],"class_list":["post-3476","post","type-post","status-publish","format-standard","hentry","category-vie-municipale","entry"],"aioseo_notices":[],"jetpack_publicize_connections":[],"jetpack_featured_media_url":"","jetpack_shortlink":"https:\/\/wp.me\/padW9w-U4","jetpack_sharing_enabled":true,"jetpack-related-posts":[{"id":3503,"url":"https:\/\/mazet-st-voy.com\/?p=3503","url_meta":{"origin":3476,"position":0},"title":"Voeux du Maire Alain Debard","author":"admin9404","date":"26 janvier 2024","format":false,"excerpt":"Dans le bilan de l\u2019ann\u00e9e 2023 il faut mentionner que nous avons \u00e9t\u00e9 retenus \u00ab\u00a0Village d\u2019avenir\u00a0\u00bb, avec 35 autres communes rurales en Haute-Loire, pour un accompagnement dans nos projets. Ce classement nous permettra de b\u00e9n\u00e9ficier d\u2019une assistance gratuite sur ces projets et surtout la r\u00e9novation du carrefour central avec ses\u2026","rel":"","context":"Dans &quot;VIE MUNICIPALE&quot;","block_context":{"text":"VIE MUNICIPALE","link":"https:\/\/mazet-st-voy.com\/?cat=9"},"img":{"alt_text":"","src":"https:\/\/i0.wp.com\/mazet-st-voy.com\/wp-content\/uploads\/2024\/01\/voeux1-300x225.jpg?resize=350%2C200&ssl=1","width":350,"height":200},"classes":[]},{"id":882,"url":"https:\/\/mazet-st-voy.com\/?p=882","url_meta":{"origin":3476,"position":1},"title":"L\u2019ACC\u00c8S WIFI 43","author":"admin9404","date":"23 ao\u00fbt 2018","format":false,"excerpt":"L\u2019acc\u00e8s WIFI 43 maintenant disponible pour tous au coeur du bourg. WIFI43 est un service public \u00e0 l\u2019initiative du d\u00e9partement, en partenariat avec toutes les communes qui le souhaitent. Une borne a \u00e9t\u00e9 install\u00e9e en mairie. Elle permet \u00e0 toute personne d\u2019acc\u00e9der \u00e0 internet gratuitement et sans limite. Ce service\u2026","rel":"","context":"Dans &quot;VIE MUNICIPALE&quot;","block_context":{"text":"VIE MUNICIPALE","link":"https:\/\/mazet-st-voy.com\/?cat=9"},"img":{"alt_text":"","src":"","width":0,"height":0},"classes":[]},{"id":3398,"url":"https:\/\/mazet-st-voy.com\/?p=3398","url_meta":{"origin":3476,"position":2},"title":"Visite du Mazet St Voy par le Sous-Pr\u00e9fet Mr Bonicel","author":"admin9404","date":"2 ao\u00fbt 2023","format":false,"excerpt":"Mardi 1er ao\u00fbt, Mr Bonicel sous-pr\u00e9fet est venu rencontrer les \u00e9lus et d\u00e9couvrir les \u00e9tudes des projets en cours. Le maire Alain DEBARD et les adjoints ont pr\u00e9sent\u00e9s les futurs travaux: Re-naturalisation \u00a0du centre du village et cr\u00e9ation d'une place \"verte et accueillante' \u00a0dans le carrefour central. \u00c9tude du nouveau\u2026","rel":"","context":"Dans &quot;VIE MUNICIPALE&quot;","block_context":{"text":"VIE MUNICIPALE","link":"https:\/\/mazet-st-voy.com\/?cat=9"},"img":{"alt_text":"","src":"https:\/\/i0.wp.com\/mazet-st-voy.com\/wp-content\/uploads\/2023\/08\/2023-1-08-visite-de-Mr-Bonicel-au-Mazetstvoy_08.jpg?resize=350%2C200&ssl=1","width":350,"height":200,"srcset":"https:\/\/i0.wp.com\/mazet-st-voy.com\/wp-content\/uploads\/2023\/08\/2023-1-08-visite-de-Mr-Bonicel-au-Mazetstvoy_08.jpg?resize=350%2C200&ssl=1 1x, https:\/\/i0.wp.com\/mazet-st-voy.com\/wp-content\/uploads\/2023\/08\/2023-1-08-visite-de-Mr-Bonicel-au-Mazetstvoy_08.jpg?resize=525%2C300&ssl=1 1.5x, https:\/\/i0.wp.com\/mazet-st-voy.com\/wp-content\/uploads\/2023\/08\/2023-1-08-visite-de-Mr-Bonicel-au-Mazetstvoy_08.jpg?resize=700%2C400&ssl=1 2x"},"classes":[]},{"id":3189,"url":"https:\/\/mazet-st-voy.com\/?p=3189","url_meta":{"origin":3476,"position":3},"title":"Ukraine le Mazet s&rsquo;organise pour la collecte des dons.","author":"admin9404","date":"11 mars 2022","format":false,"excerpt":"\u00a0\u00a0\u00a0\u00a0\u00a0\u00a0\u00a0\u00a0\u00a0\u00a0\u00a0\u00a0\u00a0\u00a0\u00a0\u00a0\u00a0\u00a0\u00a0\u00a0\u00a0\u00a0\u00a0\u00a0\u00a0\u00a0\u00a0\u00a0\u00a0\u00a0\u00a0\u00a0\u00a0\u00a0\u00a0\u00a0 ACCUEIL de REFUGIES UKRAINIENS Etant donn\u00e9 le nombre important de personnes d\u2019origine ukrainiennes ( environ 50 \u00e0 cette heure) susceptibles d\u2019\u00eatre accueillies chez nous pour une dur\u00e9e que nous ne pouvons estimer, nous continuons le recensement des logements disponibles. Logement plut\u00f4t que chambres pour ne pas s\u00e9parer des familles\u2026","rel":"","context":"Dans &quot;URGENCE&quot;","block_context":{"text":"URGENCE","link":"https:\/\/mazet-st-voy.com\/?cat=17"},"img":{"alt_text":"","src":"","width":0,"height":0},"classes":[]},{"id":2269,"url":"https:\/\/mazet-st-voy.com\/?p=2269","url_meta":{"origin":3476,"position":4},"title":"Festival Contes en Marches : Vendredi 31 Mai 20h30 (salle sous la mairie)","author":"admin9404","date":"28 mai 2019","format":false,"excerpt":"Le Festival Contes en Marches vous propose : Le spectacle \"Les tr\u00e9sors de la Terre\" avec Bertrand CHOLLAT. Ce spectacle vous propose une succession de contes, pr\u00e9cieusement choisis dans les diff\u00e9rentes traditions de la terre abordant des th\u00e8mes aussi vari\u00e9s que l'amour, la ruse, l'ambition, la col\u00e8re, la v\u00e9rit\u00e9, la\u2026","rel":"","context":"Dans &quot;CULTURE&quot;","block_context":{"text":"CULTURE","link":"https:\/\/mazet-st-voy.com\/?cat=10"},"img":{"alt_text":"","src":"","width":0,"height":0},"classes":[]},{"id":2502,"url":"https:\/\/mazet-st-voy.com\/?p=2502","url_meta":{"origin":3476,"position":5},"title":"Coronavirus mesure pour les \u00e9lections municipales","author":"admin9404","date":"13 mars 2020","format":false,"excerpt":"Dans le cadre du scrutin pour les \u00e9lections municipales du dimanche 15 mars 2020 et pour voter en toute s\u00e9curit\u00e9 et s\u00e9r\u00e9nit\u00e9, il est demand\u00e9 aux \u00e9lecteurs de se pr\u00e9senter au bureau de vote\u00a0:1 Place de la Mairie, avec\u00a0: Un stylo personnel noir ou bleu Une pi\u00e8ce d\u2019identit\u00e9 De plus\u2026","rel":"","context":"Dans &quot;Elections&quot;","block_context":{"text":"Elections","link":"https:\/\/mazet-st-voy.com\/?cat=21"},"img":{"alt_text":"","src":"https:\/\/i0.wp.com\/mazet-st-voy.com\/wp-content\/uploads\/2020\/03\/Covid-2.jpg?resize=350%2C200&ssl=1","width":350,"height":200,"srcset":"https:\/\/i0.wp.com\/mazet-st-voy.com\/wp-content\/uploads\/2020\/03\/Covid-2.jpg?resize=350%2C200&ssl=1 1x, https:\/\/i0.wp.com\/mazet-st-voy.com\/wp-content\/uploads\/2020\/03\/Covid-2.jpg?resize=525%2C300&ssl=1 1.5x, https:\/\/i0.wp.com\/mazet-st-voy.com\/wp-content\/uploads\/2020\/03\/Covid-2.jpg?resize=700%2C400&ssl=1 2x"},"classes":[]}],"_links":{"self":[{"href":"https:\/\/mazet-st-voy.com\/index.php?rest_route=\/wp\/v2\/posts\/3476","targetHints":{"allow":["GET"]}}],"collection":[{"href":"https:\/\/mazet-st-voy.com\/index.php?rest_route=\/wp\/v2\/posts"}],"about":[{"href":"https:\/\/mazet-st-voy.com\/index.php?rest_route=\/wp\/v2\/types\/post"}],"author":[{"embeddable":true,"href":"https:\/\/mazet-st-voy.com\/index.php?rest_route=\/wp\/v2\/users\/1"}],"replies":[{"embeddable":true,"href":"https:\/\/mazet-st-voy.com\/index.php?rest_route=%2Fwp%2Fv2%2Fcomments&post=3476"}],"version-history":[{"count":1,"href":"https:\/\/mazet-st-voy.com\/index.php?rest_route=\/wp\/v2\/posts\/3476\/revisions"}],"predecessor-version":[{"id":3477,"href":"https:\/\/mazet-st-voy.com\/index.php?rest_route=\/wp\/v2\/posts\/3476\/revisions\/3477"}],"wp:attachment":[{"href":"https:\/\/mazet-st-voy.com\/index.php?rest_route=%2Fwp%2Fv2%2Fmedia&parent=3476"}],"wp:term":[{"taxonomy":"category","embeddable":true,"href":"https:\/\/mazet-st-voy.com\/index.php?rest_route=%2Fwp%2Fv2%2Fcategories&post=3476"},{"taxonomy":"post_tag","embeddable":true,"href":"https:\/\/mazet-st-voy.com\/index.php?rest_route=%2Fwp%2Fv2%2Ftags&post=3476"}],"curies":[{"name":"wp","href":"https:\/\/api.w.org\/{rel}","templated":true}]}}