{"id":3562,"date":"2024-05-11T08:34:35","date_gmt":"2024-05-11T06:34:35","guid":{"rendered":"https:\/\/mazet-st-voy.com\/?p=3562"},"modified":"2024-10-03T16:25:07","modified_gmt":"2024-10-03T14:25:07","slug":"ceremonie-du-8-mai-1945-3","status":"publish","type":"post","link":"https:\/\/mazet-st-voy.com\/?p=3562","title":{"rendered":"C\u00e9r\u00e9monie du 8 mai 1945"},"content":{"rendered":"\n<p>Lors du parcours de <strong><em>\u00ab\u00a0l&rsquo;itin\u00e9rance comm\u00e9morative\u00a0\u00bb , <\/em><\/strong>la c\u00e9r\u00e9monie c&rsquo;est&nbsp;d\u00e9roul\u00e9e \u00e0 11h ce mercredi 8 mai 2024 au Mazet St Voy.<\/p>\n<p>D\u00e9p\u00f4t de gerbes par les autorit\u00e9s du d\u00e9partement, de Mme Valentin d\u00e9put\u00e9e, de Mr le maire Alain Debard accompagn\u00e9 du repr\u00e9sentant des anciens combattant.<\/p>\n<p>Lecture des messages &nbsp;par Mr le sous-pr\u00e9fet Fabrice Bonicel et une \u00e9l\u00e8ve.<\/p>\n<p>Les enfants de l&rsquo;\u00e9cole Albert Camus, soutenus par la fanfare, ont entonn\u00e9s le <strong>\u00a0\u00bb Chant des partisans\u00a0\u00bb.<\/strong><\/p>\n<p>Cette ann\u00e9e 2 porte-drapeaux, les anciens combattants et un repr\u00e9sentant du conseil municipal des jeunes.<\/p>\n<p><img data-recalc-dims=\"1\" loading=\"lazy\" decoding=\"async\" class=\"aligncenter size-medium wp-image-3561\" src=\"https:\/\/i0.wp.com\/mazet-st-voy.com\/wp-content\/uploads\/2024\/05\/2024-ceremonie-du-8-mai34.jpg?resize=300%2C225&#038;ssl=1\" alt=\"\" width=\"300\" height=\"225\" srcset=\"https:\/\/i0.wp.com\/mazet-st-voy.com\/wp-content\/uploads\/2024\/05\/2024-ceremonie-du-8-mai34-scaled.jpg?resize=300%2C225&amp;ssl=1 300w, https:\/\/i0.wp.com\/mazet-st-voy.com\/wp-content\/uploads\/2024\/05\/2024-ceremonie-du-8-mai34-scaled.jpg?resize=1024%2C768&amp;ssl=1 1024w, https:\/\/i0.wp.com\/mazet-st-voy.com\/wp-content\/uploads\/2024\/05\/2024-ceremonie-du-8-mai34-scaled.jpg?resize=768%2C576&amp;ssl=1 768w, https:\/\/i0.wp.com\/mazet-st-voy.com\/wp-content\/uploads\/2024\/05\/2024-ceremonie-du-8-mai34-scaled.jpg?resize=1536%2C1152&amp;ssl=1 1536w, https:\/\/i0.wp.com\/mazet-st-voy.com\/wp-content\/uploads\/2024\/05\/2024-ceremonie-du-8-mai34-scaled.jpg?resize=2048%2C1536&amp;ssl=1 2048w, https:\/\/i0.wp.com\/mazet-st-voy.com\/wp-content\/uploads\/2024\/05\/2024-ceremonie-du-8-mai34-scaled.jpg?w=2400&amp;ssl=1 2400w\" sizes=\"auto, (max-width: 300px) 100vw, 300px\" \/> <img data-recalc-dims=\"1\" loading=\"lazy\" decoding=\"async\" class=\"aligncenter size-medium wp-image-3560\" src=\"https:\/\/i0.wp.com\/mazet-st-voy.com\/wp-content\/uploads\/2024\/05\/2024-ceremonie-du-8-mai24.jpg?resize=300%2C197&#038;ssl=1\" alt=\"\" width=\"300\" height=\"197\" srcset=\"https:\/\/i0.wp.com\/mazet-st-voy.com\/wp-content\/uploads\/2024\/05\/2024-ceremonie-du-8-mai24-scaled.jpg?resize=300%2C197&amp;ssl=1 300w, https:\/\/i0.wp.com\/mazet-st-voy.com\/wp-content\/uploads\/2024\/05\/2024-ceremonie-du-8-mai24-scaled.jpg?resize=1024%2C672&amp;ssl=1 1024w, https:\/\/i0.wp.com\/mazet-st-voy.com\/wp-content\/uploads\/2024\/05\/2024-ceremonie-du-8-mai24-scaled.jpg?resize=768%2C504&amp;ssl=1 768w, https:\/\/i0.wp.com\/mazet-st-voy.com\/wp-content\/uploads\/2024\/05\/2024-ceremonie-du-8-mai24-scaled.jpg?resize=1536%2C1008&amp;ssl=1 1536w, https:\/\/i0.wp.com\/mazet-st-voy.com\/wp-content\/uploads\/2024\/05\/2024-ceremonie-du-8-mai24-scaled.jpg?resize=2048%2C1344&amp;ssl=1 2048w, https:\/\/i0.wp.com\/mazet-st-voy.com\/wp-content\/uploads\/2024\/05\/2024-ceremonie-du-8-mai24-scaled.jpg?w=2400&amp;ssl=1 2400w\" sizes=\"auto, (max-width: 300px) 100vw, 300px\" \/> <img data-recalc-dims=\"1\" loading=\"lazy\" decoding=\"async\" class=\"aligncenter size-medium wp-image-3559\" src=\"https:\/\/i0.wp.com\/mazet-st-voy.com\/wp-content\/uploads\/2024\/05\/2024-ceremonie-du-8-mai31.jpg?resize=300%2C225&#038;ssl=1\" alt=\"\" width=\"300\" height=\"225\" srcset=\"https:\/\/i0.wp.com\/mazet-st-voy.com\/wp-content\/uploads\/2024\/05\/2024-ceremonie-du-8-mai31-scaled.jpg?resize=300%2C225&amp;ssl=1 300w, https:\/\/i0.wp.com\/mazet-st-voy.com\/wp-content\/uploads\/2024\/05\/2024-ceremonie-du-8-mai31-scaled.jpg?resize=1024%2C768&amp;ssl=1 1024w, https:\/\/i0.wp.com\/mazet-st-voy.com\/wp-content\/uploads\/2024\/05\/2024-ceremonie-du-8-mai31-scaled.jpg?resize=768%2C576&amp;ssl=1 768w, https:\/\/i0.wp.com\/mazet-st-voy.com\/wp-content\/uploads\/2024\/05\/2024-ceremonie-du-8-mai31-scaled.jpg?resize=1536%2C1152&amp;ssl=1 1536w, https:\/\/i0.wp.com\/mazet-st-voy.com\/wp-content\/uploads\/2024\/05\/2024-ceremonie-du-8-mai31-scaled.jpg?resize=2048%2C1536&amp;ssl=1 2048w, https:\/\/i0.wp.com\/mazet-st-voy.com\/wp-content\/uploads\/2024\/05\/2024-ceremonie-du-8-mai31-scaled.jpg?w=2400&amp;ssl=1 2400w\" sizes=\"auto, (max-width: 300px) 100vw, 300px\" \/> <img data-recalc-dims=\"1\" loading=\"lazy\" decoding=\"async\" class=\"aligncenter size-medium wp-image-3558\" src=\"https:\/\/i0.wp.com\/mazet-st-voy.com\/wp-content\/uploads\/2024\/05\/2024-ceremonie-du-8-mai14.jpg?resize=300%2C241&#038;ssl=1\" alt=\"\" width=\"300\" height=\"241\" srcset=\"https:\/\/i0.wp.com\/mazet-st-voy.com\/wp-content\/uploads\/2024\/05\/2024-ceremonie-du-8-mai14-scaled.jpg?resize=300%2C241&amp;ssl=1 300w, https:\/\/i0.wp.com\/mazet-st-voy.com\/wp-content\/uploads\/2024\/05\/2024-ceremonie-du-8-mai14-scaled.jpg?w=2400&amp;ssl=1 2400w\" sizes=\"auto, (max-width: 300px) 100vw, 300px\" \/> <img data-recalc-dims=\"1\" loading=\"lazy\" decoding=\"async\" class=\"aligncenter size-medium wp-image-3557\" src=\"https:\/\/i0.wp.com\/mazet-st-voy.com\/wp-content\/uploads\/2024\/05\/2024-ceremonie-du-8-mai32.jpg?resize=300%2C175&#038;ssl=1\" alt=\"\" width=\"300\" height=\"175\" srcset=\"https:\/\/i0.wp.com\/mazet-st-voy.com\/wp-content\/uploads\/2024\/05\/2024-ceremonie-du-8-mai32-scaled.jpg?resize=300%2C175&amp;ssl=1 300w, https:\/\/i0.wp.com\/mazet-st-voy.com\/wp-content\/uploads\/2024\/05\/2024-ceremonie-du-8-mai32-scaled.jpg?resize=1024%2C599&amp;ssl=1 1024w, https:\/\/i0.wp.com\/mazet-st-voy.com\/wp-content\/uploads\/2024\/05\/2024-ceremonie-du-8-mai32-scaled.jpg?resize=768%2C449&amp;ssl=1 768w, https:\/\/i0.wp.com\/mazet-st-voy.com\/wp-content\/uploads\/2024\/05\/2024-ceremonie-du-8-mai32-scaled.jpg?resize=1536%2C898&amp;ssl=1 1536w, https:\/\/i0.wp.com\/mazet-st-voy.com\/wp-content\/uploads\/2024\/05\/2024-ceremonie-du-8-mai32-scaled.jpg?resize=2048%2C1198&amp;ssl=1 2048w, https:\/\/i0.wp.com\/mazet-st-voy.com\/wp-content\/uploads\/2024\/05\/2024-ceremonie-du-8-mai32-scaled.jpg?w=2400&amp;ssl=1 2400w\" sizes=\"auto, (max-width: 300px) 100vw, 300px\" \/> <img data-recalc-dims=\"1\" loading=\"lazy\" decoding=\"async\" class=\"aligncenter size-medium wp-image-3556\" src=\"https:\/\/i0.wp.com\/mazet-st-voy.com\/wp-content\/uploads\/2024\/05\/2024-ceremonie-du-8-mai37.jpg?resize=225%2C300&#038;ssl=1\" alt=\"\" width=\"225\" height=\"300\" srcset=\"https:\/\/i0.wp.com\/mazet-st-voy.com\/wp-content\/uploads\/2024\/05\/2024-ceremonie-du-8-mai37-scaled.jpg?resize=225%2C300&amp;ssl=1 225w, https:\/\/i0.wp.com\/mazet-st-voy.com\/wp-content\/uploads\/2024\/05\/2024-ceremonie-du-8-mai37-scaled.jpg?resize=768%2C1024&amp;ssl=1 768w, https:\/\/i0.wp.com\/mazet-st-voy.com\/wp-content\/uploads\/2024\/05\/2024-ceremonie-du-8-mai37-scaled.jpg?resize=1152%2C1536&amp;ssl=1 1152w, https:\/\/i0.wp.com\/mazet-st-voy.com\/wp-content\/uploads\/2024\/05\/2024-ceremonie-du-8-mai37-scaled.jpg?resize=1536%2C2048&amp;ssl=1 1536w, https:\/\/i0.wp.com\/mazet-st-voy.com\/wp-content\/uploads\/2024\/05\/2024-ceremonie-du-8-mai37-scaled.jpg?w=1920&amp;ssl=1 1920w\" sizes=\"auto, (max-width: 225px) 100vw, 225px\" \/> <img data-recalc-dims=\"1\" loading=\"lazy\" decoding=\"async\" class=\"aligncenter size-medium wp-image-3555\" src=\"https:\/\/i0.wp.com\/mazet-st-voy.com\/wp-content\/uploads\/2024\/05\/2024-ceremonie-du-8-mai22.jpg?resize=300%2C235&#038;ssl=1\" alt=\"\" width=\"300\" height=\"235\" srcset=\"https:\/\/i0.wp.com\/mazet-st-voy.com\/wp-content\/uploads\/2024\/05\/2024-ceremonie-du-8-mai22-scaled.jpg?resize=300%2C235&amp;ssl=1 300w, https:\/\/i0.wp.com\/mazet-st-voy.com\/wp-content\/uploads\/2024\/05\/2024-ceremonie-du-8-mai22-scaled.jpg?resize=1024%2C803&amp;ssl=1 1024w, https:\/\/i0.wp.com\/mazet-st-voy.com\/wp-content\/uploads\/2024\/05\/2024-ceremonie-du-8-mai22-scaled.jpg?resize=768%2C603&amp;ssl=1 768w, https:\/\/i0.wp.com\/mazet-st-voy.com\/wp-content\/uploads\/2024\/05\/2024-ceremonie-du-8-mai22-scaled.jpg?resize=1536%2C1205&amp;ssl=1 1536w, https:\/\/i0.wp.com\/mazet-st-voy.com\/wp-content\/uploads\/2024\/05\/2024-ceremonie-du-8-mai22-scaled.jpg?resize=2048%2C1607&amp;ssl=1 2048w, https:\/\/i0.wp.com\/mazet-st-voy.com\/wp-content\/uploads\/2024\/05\/2024-ceremonie-du-8-mai22-scaled.jpg?w=2400&amp;ssl=1 2400w\" sizes=\"auto, (max-width: 300px) 100vw, 300px\" \/><\/p>\n\n\n","protected":false},"excerpt":{"rendered":"<p>Lors du parcours de \u00ab\u00a0l&rsquo;itin\u00e9rance comm\u00e9morative\u00a0\u00bb , la c\u00e9r\u00e9monie c&rsquo;est&nbsp;d\u00e9roul\u00e9e \u00e0 11h ce mercredi 8 mai 2024 au Mazet St Voy. D\u00e9p\u00f4t de gerbes par les autorit\u00e9s du d\u00e9partement, de Mme Valentin d\u00e9put\u00e9e, de Mr le maire Alain Debard accompagn\u00e9 du repr\u00e9sentant des anciens combattant. Lecture des messages &nbsp;par Mr le sous-pr\u00e9fet Fabrice Bonicel et [&hellip;]<\/p>\n","protected":false},"author":1,"featured_media":0,"comment_status":"closed","ping_status":"open","sticky":false,"template":"","format":"standard","meta":{"ngg_post_thumbnail":0,"_jetpack_memberships_contains_paid_content":false,"footnotes":"","jetpack_publicize_message":"","jetpack_publicize_feature_enabled":true,"jetpack_social_post_already_shared":true,"jetpack_social_options":{"image_generator_settings":{"template":"highway","default_image_id":0,"font":"","enabled":false},"version":2}},"categories":[1,9],"tags":[],"class_list":["post-3562","post","type-post","status-publish","format-standard","hentry","category-non-classe","category-vie-municipale","entry"],"aioseo_notices":[],"jetpack_publicize_connections":[],"jetpack_featured_media_url":"","jetpack_shortlink":"https:\/\/wp.me\/padW9w-Vs","jetpack_sharing_enabled":true,"jetpack-related-posts":[{"id":3366,"url":"https:\/\/mazet-st-voy.com\/?p=3366","url_meta":{"origin":3562,"position":0},"title":"C\u00e9r\u00e9monie du 8 Mai 1945","author":"admin9404","date":"24 mai 2023","format":false,"excerpt":"En pr\u00e9sence de Mr le Sous-Pr\u00e9fet \u00a0Fabrice BONICEL, de Mme la d\u00e9put\u00e9e Isabelle VALENTIN; le Maire Alain DEBARD a d\u00e9pos\u00e9 une gerbe au pied du monument aux Morts accompagn\u00e9 du pr\u00e9sident des anciens combattants Mr Henoc ROYER. La lecture de la lettre de Mme la ministre de la d\u00e9fense a\u2026","rel":"","context":"Dans &quot;VIE MUNICIPALE&quot;","block_context":{"text":"VIE MUNICIPALE","link":"https:\/\/mazet-st-voy.com\/?cat=9"},"img":{"alt_text":"","src":"https:\/\/i0.wp.com\/mazet-st-voy.com\/wp-content\/uploads\/2023\/05\/8-mai-2-scaled.jpg?resize=350%2C200&ssl=1","width":350,"height":200,"srcset":"https:\/\/i0.wp.com\/mazet-st-voy.com\/wp-content\/uploads\/2023\/05\/8-mai-2-scaled.jpg?resize=350%2C200&ssl=1 1x, https:\/\/i0.wp.com\/mazet-st-voy.com\/wp-content\/uploads\/2023\/05\/8-mai-2-scaled.jpg?resize=525%2C300&ssl=1 1.5x, https:\/\/i0.wp.com\/mazet-st-voy.com\/wp-content\/uploads\/2023\/05\/8-mai-2-scaled.jpg?resize=700%2C400&ssl=1 2x, https:\/\/i0.wp.com\/mazet-st-voy.com\/wp-content\/uploads\/2023\/05\/8-mai-2-scaled.jpg?resize=1050%2C600&ssl=1 3x, https:\/\/i0.wp.com\/mazet-st-voy.com\/wp-content\/uploads\/2023\/05\/8-mai-2-scaled.jpg?resize=1400%2C800&ssl=1 4x"},"classes":[]},{"id":2901,"url":"https:\/\/mazet-st-voy.com\/?p=2901","url_meta":{"origin":3562,"position":1},"title":"C\u00e9r\u00e9monie fin de la guerre d&rsquo;Alg\u00e9rie du 19 Mars 1962.","author":"admin9404","date":"20 mars 2021","format":false,"excerpt":"Toujours peu nombreux pour cause de covid, l'association des anciens combattants a rendu hommage aux anciens de la guerre d'Alg\u00e9rie et comm\u00e9morer la fin de la guerre le 19 mars 1962 ce samedi \u00e0 11h30. Apr\u00e8s un rappel au devoir de m\u00e9moire le Maire Alain Debard a lu le discours\u2026","rel":"","context":"Dans &quot;VIE MUNICIPALE&quot;","block_context":{"text":"VIE MUNICIPALE","link":"https:\/\/mazet-st-voy.com\/?cat=9"},"img":{"alt_text":"","src":"https:\/\/i0.wp.com\/mazet-st-voy.com\/wp-content\/uploads\/2021\/03\/2021-20-Mars-ceremonie-guerre-dalgerie17.jpg?resize=350%2C200&ssl=1","width":350,"height":200,"srcset":"https:\/\/i0.wp.com\/mazet-st-voy.com\/wp-content\/uploads\/2021\/03\/2021-20-Mars-ceremonie-guerre-dalgerie17.jpg?resize=350%2C200&ssl=1 1x, https:\/\/i0.wp.com\/mazet-st-voy.com\/wp-content\/uploads\/2021\/03\/2021-20-Mars-ceremonie-guerre-dalgerie17.jpg?resize=525%2C300&ssl=1 1.5x, https:\/\/i0.wp.com\/mazet-st-voy.com\/wp-content\/uploads\/2021\/03\/2021-20-Mars-ceremonie-guerre-dalgerie17.jpg?resize=700%2C400&ssl=1 2x, https:\/\/i0.wp.com\/mazet-st-voy.com\/wp-content\/uploads\/2021\/03\/2021-20-Mars-ceremonie-guerre-dalgerie17.jpg?resize=1050%2C600&ssl=1 3x, https:\/\/i0.wp.com\/mazet-st-voy.com\/wp-content\/uploads\/2021\/03\/2021-20-Mars-ceremonie-guerre-dalgerie17.jpg?resize=1400%2C800&ssl=1 4x"},"classes":[]},{"id":3007,"url":"https:\/\/mazet-st-voy.com\/?p=3007","url_meta":{"origin":3562,"position":2},"title":"Comm\u00e9moration de la Victoire du 8 mai 1945","author":"admin9404","date":"14 mai 2021","format":false,"excerpt":"Un nombre restreint d\u2019\u00e9lus et d\u2019anciens combattants ont comm\u00e9mor\u00e9 la fin de la guerre de 1945. Apr\u00e8s lecture des discours officiels, le Maire a rappel\u00e9 au souvenir les morts au combat de notre village \u00a0et \u00a0du maquis de Montbuzat. Extrait du discours de Mme\u00a0Genevi\u00e8ve DARRIEUSSECQ, ministre d\u00e9l\u00e9gu\u00e9e aupr\u00e8s de la\u2026","rel":"","context":"Dans &quot;VIE MUNICIPALE&quot;","block_context":{"text":"VIE MUNICIPALE","link":"https:\/\/mazet-st-voy.com\/?cat=9"},"img":{"alt_text":"","src":"https:\/\/i0.wp.com\/mazet-st-voy.com\/wp-content\/uploads\/2021\/05\/Ceremonie-8-Mai-2021-19-scaled.jpg?resize=350%2C200&ssl=1","width":350,"height":200,"srcset":"https:\/\/i0.wp.com\/mazet-st-voy.com\/wp-content\/uploads\/2021\/05\/Ceremonie-8-Mai-2021-19-scaled.jpg?resize=350%2C200&ssl=1 1x, https:\/\/i0.wp.com\/mazet-st-voy.com\/wp-content\/uploads\/2021\/05\/Ceremonie-8-Mai-2021-19-scaled.jpg?resize=525%2C300&ssl=1 1.5x, https:\/\/i0.wp.com\/mazet-st-voy.com\/wp-content\/uploads\/2021\/05\/Ceremonie-8-Mai-2021-19-scaled.jpg?resize=700%2C400&ssl=1 2x, https:\/\/i0.wp.com\/mazet-st-voy.com\/wp-content\/uploads\/2021\/05\/Ceremonie-8-Mai-2021-19-scaled.jpg?resize=1050%2C600&ssl=1 3x"},"classes":[]},{"id":2528,"url":"https:\/\/mazet-st-voy.com\/?p=2528","url_meta":{"origin":3562,"position":3},"title":"COVID-19 : distribution de masques","author":"admin9404","date":"2 mai 2020","format":false,"excerpt":"La r\u00e9gion AURA et le D\u00e9partement de la Haute-Loire annoncent la mise \u00e0 disposition de masques tissus pour la population. D\u00e8s leur arriv\u00e9e (en principe dans la semaine du 11 mai pour ceux de la R\u00e9gion), ils seront distribu\u00e9s par la Mairie selon des modalit\u00e9s qui seront pr\u00e9cis\u00e9es par les\u2026","rel":"","context":"Dans &quot;INFORMATION&quot;","block_context":{"text":"INFORMATION","link":"https:\/\/mazet-st-voy.com\/?cat=18"},"img":{"alt_text":"","src":"","width":0,"height":0},"classes":[]},{"id":3398,"url":"https:\/\/mazet-st-voy.com\/?p=3398","url_meta":{"origin":3562,"position":4},"title":"Visite du Mazet St Voy par le Sous-Pr\u00e9fet Mr Bonicel","author":"admin9404","date":"2 ao\u00fbt 2023","format":false,"excerpt":"Mardi 1er ao\u00fbt, Mr Bonicel sous-pr\u00e9fet est venu rencontrer les \u00e9lus et d\u00e9couvrir les \u00e9tudes des projets en cours. Le maire Alain DEBARD et les adjoints ont pr\u00e9sent\u00e9s les futurs travaux: Re-naturalisation \u00a0du centre du village et cr\u00e9ation d'une place \"verte et accueillante' \u00a0dans le carrefour central. \u00c9tude du nouveau\u2026","rel":"","context":"Dans &quot;VIE MUNICIPALE&quot;","block_context":{"text":"VIE MUNICIPALE","link":"https:\/\/mazet-st-voy.com\/?cat=9"},"img":{"alt_text":"","src":"https:\/\/i0.wp.com\/mazet-st-voy.com\/wp-content\/uploads\/2023\/08\/2023-1-08-visite-de-Mr-Bonicel-au-Mazetstvoy_08.jpg?resize=350%2C200&ssl=1","width":350,"height":200,"srcset":"https:\/\/i0.wp.com\/mazet-st-voy.com\/wp-content\/uploads\/2023\/08\/2023-1-08-visite-de-Mr-Bonicel-au-Mazetstvoy_08.jpg?resize=350%2C200&ssl=1 1x, https:\/\/i0.wp.com\/mazet-st-voy.com\/wp-content\/uploads\/2023\/08\/2023-1-08-visite-de-Mr-Bonicel-au-Mazetstvoy_08.jpg?resize=525%2C300&ssl=1 1.5x, https:\/\/i0.wp.com\/mazet-st-voy.com\/wp-content\/uploads\/2023\/08\/2023-1-08-visite-de-Mr-Bonicel-au-Mazetstvoy_08.jpg?resize=700%2C400&ssl=1 2x"},"classes":[]},{"id":2531,"url":"https:\/\/mazet-st-voy.com\/?p=2531","url_meta":{"origin":3562,"position":5},"title":"DISTRIBUTION DE MASQUES","author":"admin9404","date":"9 mai 2020","format":false,"excerpt":"Des masques fournis par la Conseil D\u00e9partemental et le Conseil R\u00e9gional sont arriv\u00e9s en Mairie en cette fin de semaine. \u00a0Ils seront remis \u00e0 la population au secr\u00e9tariat de Mairie d\u00e8s ce lundi 11 mai de 10H \u00e0 12H et de 15H \u00e0 18H, puis mardi et jeudi aux m\u00eames\u2026","rel":"","context":"Dans &quot;VIE MUNICIPALE&quot;","block_context":{"text":"VIE MUNICIPALE","link":"https:\/\/mazet-st-voy.com\/?cat=9"},"img":{"alt_text":"","src":"","width":0,"height":0},"classes":[]}],"_links":{"self":[{"href":"https:\/\/mazet-st-voy.com\/index.php?rest_route=\/wp\/v2\/posts\/3562","targetHints":{"allow":["GET"]}}],"collection":[{"href":"https:\/\/mazet-st-voy.com\/index.php?rest_route=\/wp\/v2\/posts"}],"about":[{"href":"https:\/\/mazet-st-voy.com\/index.php?rest_route=\/wp\/v2\/types\/post"}],"author":[{"embeddable":true,"href":"https:\/\/mazet-st-voy.com\/index.php?rest_route=\/wp\/v2\/users\/1"}],"replies":[{"embeddable":true,"href":"https:\/\/mazet-st-voy.com\/index.php?rest_route=%2Fwp%2Fv2%2Fcomments&post=3562"}],"version-history":[{"count":1,"href":"https:\/\/mazet-st-voy.com\/index.php?rest_route=\/wp\/v2\/posts\/3562\/revisions"}],"predecessor-version":[{"id":3563,"href":"https:\/\/mazet-st-voy.com\/index.php?rest_route=\/wp\/v2\/posts\/3562\/revisions\/3563"}],"wp:attachment":[{"href":"https:\/\/mazet-st-voy.com\/index.php?rest_route=%2Fwp%2Fv2%2Fmedia&parent=3562"}],"wp:term":[{"taxonomy":"category","embeddable":true,"href":"https:\/\/mazet-st-voy.com\/index.php?rest_route=%2Fwp%2Fv2%2Fcategories&post=3562"},{"taxonomy":"post_tag","embeddable":true,"href":"https:\/\/mazet-st-voy.com\/index.php?rest_route=%2Fwp%2Fv2%2Ftags&post=3562"}],"curies":[{"name":"wp","href":"https:\/\/api.w.org\/{rel}","templated":true}]}}