{"id":660,"date":"2018-08-21T16:17:44","date_gmt":"2018-08-21T14:17:44","guid":{"rendered":"https:\/\/mazet-st-voy.com\/?p=660"},"modified":"2018-08-21T17:32:52","modified_gmt":"2018-08-21T15:32:52","slug":"plantes-et-bien-etre-a-la-halle-fermiere","status":"publish","type":"post","link":"https:\/\/mazet-st-voy.com\/?p=660","title":{"rendered":"PLANTES ET BIEN-\u00caTRE \u00c0 LA HALLE FERMI\u00c8RE"},"content":{"rendered":"<p><strong>Du 22 ao\u00fbt 2018 au 29 ao\u00fbt 2018 &amp;&nbsp;Le mercredi 05 septembre 2018<\/strong><\/p>\n<p>&nbsp;Monique Lempereur vous emm\u00e8ne dans le jardin botanique \u00e0 la d\u00e9couverte des plantes sauvages et m\u00e9dicinales. Au retour une d\u00e9gustation de ses tisanes et leurs bienfaits vous sera offerte.<br \/>\n\u00c0 faire en famille.<\/p>\n<ul>\n<li>Adresse : &nbsp; &nbsp;<strong>Halle Fermi\u00e8re du Haut-Lignon&nbsp;&nbsp; <\/strong>Place des Droits de l&rsquo;Homme 43520&nbsp;Mazet-Saint-Voy<\/li>\n<li>Organisateur :&nbsp;<strong>Office de Tourisme du Haut-Lignon<\/strong><\/li>\n<\/ul>\n","protected":false},"excerpt":{"rendered":"<p>Du 22 ao\u00fbt 2018 au 29 ao\u00fbt 2018 &amp;&nbsp;Le mercredi 05 septembre 2018 &nbsp;Monique Lempereur vous emm\u00e8ne dans le jardin botanique \u00e0 la d\u00e9couverte des plantes sauvages et m\u00e9dicinales. Au retour une d\u00e9gustation de ses tisanes et leurs bienfaits vous sera offerte. \u00c0 faire en famille. Adresse : &nbsp; &nbsp;Halle Fermi\u00e8re du Haut-Lignon&nbsp;&nbsp; Place des [&hellip;]<\/p>\n","protected":false},"author":1,"featured_media":0,"comment_status":"closed","ping_status":"open","sticky":false,"template":"","format":"standard","meta":{"ngg_post_thumbnail":0,"_jetpack_memberships_contains_paid_content":false,"footnotes":"","jetpack_publicize_message":"","jetpack_publicize_feature_enabled":true,"jetpack_social_post_already_shared":false,"jetpack_social_options":{"image_generator_settings":{"template":"highway","default_image_id":0,"font":"","enabled":false},"version":2}},"categories":[14],"tags":[],"class_list":["post-660","post","type-post","status-publish","format-standard","hentry","category-tourisme","entry"],"aioseo_notices":[],"jetpack_publicize_connections":[],"jetpack_featured_media_url":"","jetpack_shortlink":"https:\/\/wp.me\/padW9w-aE","jetpack_sharing_enabled":true,"jetpack-related-posts":[{"id":2521,"url":"https:\/\/mazet-st-voy.com\/?p=2521","url_meta":{"origin":660,"position":0},"title":"Horaires d&rsquo;\u00e9t\u00e9 Halle Fermi\u00e8re","author":"admin9404","date":"18 avril 2020","format":false,"excerpt":"Avec l'arriv\u00e9e des beaux jours, l'\u00e9quipe de la Halle fermi\u00e8re \u00e0 le plaisir de vous informer que le magasin reprend ses horaires d'\u00e9t\u00e9 \u00e0 partir du Mercredi 22 Avril. Le magasin sera donc ouvert les : - Mercredi - Jeudi - Vendredi et Samedi de 9h30 \u00e0 12h30 et de\u2026","rel":"","context":"Dans &quot;TERROIR&quot;","block_context":{"text":"TERROIR","link":"https:\/\/mazet-st-voy.com\/?cat=15"},"img":{"alt_text":"","src":"","width":0,"height":0},"classes":[]},{"id":2509,"url":"https:\/\/mazet-st-voy.com\/?p=2509","url_meta":{"origin":660,"position":1},"title":"La Halle Fermi\u00e8re reste ouverte","author":"admin9404","date":"21 mars 2020","format":false,"excerpt":"Pendant le confinement, la Halle fermi\u00e8re reste ouverte tout les Mercredi, Jeudi, Vendredi, Samedi et Dimanche matin de 9h30 \u00e0 12h30. Pour vous prot\u00e9ger au mieux, pr\u00e9server nos producteurs et notre salari\u00e9e, le magasin a mis en place des mesures de pr\u00e9vention pour limiter l'exposition au coronavirus : - Le\u2026","rel":"","context":"Dans &quot;TERROIR&quot;","block_context":{"text":"TERROIR","link":"https:\/\/mazet-st-voy.com\/?cat=15"},"img":{"alt_text":"","src":"https:\/\/i0.wp.com\/mazet-st-voy.com\/wp-content\/uploads\/2020\/03\/Halle-Fermi%C3%A8re.jpg?resize=350%2C200&ssl=1","width":350,"height":200},"classes":[]},{"id":2450,"url":"https:\/\/mazet-st-voy.com\/?p=2450","url_meta":{"origin":660,"position":2},"title":"Semaine Gourmande : D\u00e9gustation \u00e0 la Halle Fermi\u00e8re","author":"admin9404","date":"23 octobre 2019","format":false,"excerpt":"Lors de la semaine Gourmande, ce Jeudi 24 Octobre de 10h \u00e0 13h\u00a0 : D\u00e9gustation avec les producteurs \u00e0 la Halle Fermi\u00e8re au Mazet. Venez d\u00e9couvrir les bien fait de la spiruline des mont d'Ard\u00e8che avec Evelyne POSSETY et rencontrer Monique LEMPEREUR pour ses infusions et ses produits \u00e0 la\u2026","rel":"","context":"Dans &quot;TERROIR&quot;","block_context":{"text":"TERROIR","link":"https:\/\/mazet-st-voy.com\/?cat=15"},"img":{"alt_text":"","src":"https:\/\/i0.wp.com\/mazet-st-voy.com\/wp-content\/uploads\/2019\/10\/semaine-gourmande.jpg?resize=350%2C200&ssl=1","width":350,"height":200,"srcset":"https:\/\/i0.wp.com\/mazet-st-voy.com\/wp-content\/uploads\/2019\/10\/semaine-gourmande.jpg?resize=350%2C200&ssl=1 1x, https:\/\/i0.wp.com\/mazet-st-voy.com\/wp-content\/uploads\/2019\/10\/semaine-gourmande.jpg?resize=525%2C300&ssl=1 1.5x, https:\/\/i0.wp.com\/mazet-st-voy.com\/wp-content\/uploads\/2019\/10\/semaine-gourmande.jpg?resize=700%2C400&ssl=1 2x"},"classes":[]},{"id":2921,"url":"https:\/\/mazet-st-voy.com\/?p=2921","url_meta":{"origin":660,"position":3},"title":"Nouveau site web pour le camping de Surnette..","author":"admin9404","date":"10 avril 2021","format":false,"excerpt":"En \u00e0 peine 15 jours, Julie Royer aura cr\u00e9\u00e9 et mis en ligne le nouveau site web du camping. Plus clair, plus \"design\",enfin plus beau; ce site permettra de faire d\u00e9couvrir notre camping 3 \u00e9toiles, il int\u00e8gre un planning d'occupation des chalets et le beau film de l'Office de Tourisme\u2026","rel":"","context":"Dans &quot;TOURISME&quot;","block_context":{"text":"TOURISME","link":"https:\/\/mazet-st-voy.com\/?cat=14"},"img":{"alt_text":"","src":"https:\/\/i0.wp.com\/mazet-st-voy.com\/wp-content\/uploads\/2021\/04\/camping-Surnette-Site-Web-scaled.jpg?resize=350%2C200&ssl=1","width":350,"height":200,"srcset":"https:\/\/i0.wp.com\/mazet-st-voy.com\/wp-content\/uploads\/2021\/04\/camping-Surnette-Site-Web-scaled.jpg?resize=350%2C200&ssl=1 1x, https:\/\/i0.wp.com\/mazet-st-voy.com\/wp-content\/uploads\/2021\/04\/camping-Surnette-Site-Web-scaled.jpg?resize=525%2C300&ssl=1 1.5x, https:\/\/i0.wp.com\/mazet-st-voy.com\/wp-content\/uploads\/2021\/04\/camping-Surnette-Site-Web-scaled.jpg?resize=700%2C400&ssl=1 2x, https:\/\/i0.wp.com\/mazet-st-voy.com\/wp-content\/uploads\/2021\/04\/camping-Surnette-Site-Web-scaled.jpg?resize=1050%2C600&ssl=1 3x, https:\/\/i0.wp.com\/mazet-st-voy.com\/wp-content\/uploads\/2021\/04\/camping-Surnette-Site-Web-scaled.jpg?resize=1400%2C800&ssl=1 4x"},"classes":[]},{"id":2997,"url":"https:\/\/mazet-st-voy.com\/?p=2997","url_meta":{"origin":660,"position":4},"title":"Visites..Chant..D\u00e9couverte des plantes&#8230; au Mazet St Voy c&rsquo;est: \u00ab\u00a043 Nuances de Vert\u00a0\u00bb","author":"admin9404","date":"10 mai 2021","format":false,"excerpt":"Programme sur tout le Territoire du Haut-Lignon \u00a0","rel":"","context":"Dans &quot;CULTURE&quot;","block_context":{"text":"CULTURE","link":"https:\/\/mazet-st-voy.com\/?cat=10"},"img":{"alt_text":"","src":"https:\/\/i0.wp.com\/mazet-st-voy.com\/wp-content\/uploads\/2021\/05\/Entete-programme-43-Nuances-de-Vert.jpg?resize=350%2C200&ssl=1","width":350,"height":200,"srcset":"https:\/\/i0.wp.com\/mazet-st-voy.com\/wp-content\/uploads\/2021\/05\/Entete-programme-43-Nuances-de-Vert.jpg?resize=350%2C200&ssl=1 1x, https:\/\/i0.wp.com\/mazet-st-voy.com\/wp-content\/uploads\/2021\/05\/Entete-programme-43-Nuances-de-Vert.jpg?resize=525%2C300&ssl=1 1.5x, https:\/\/i0.wp.com\/mazet-st-voy.com\/wp-content\/uploads\/2021\/05\/Entete-programme-43-Nuances-de-Vert.jpg?resize=700%2C400&ssl=1 2x, https:\/\/i0.wp.com\/mazet-st-voy.com\/wp-content\/uploads\/2021\/05\/Entete-programme-43-Nuances-de-Vert.jpg?resize=1050%2C600&ssl=1 3x, https:\/\/i0.wp.com\/mazet-st-voy.com\/wp-content\/uploads\/2021\/05\/Entete-programme-43-Nuances-de-Vert.jpg?resize=1400%2C800&ssl=1 4x"},"classes":[]},{"id":2414,"url":"https:\/\/mazet-st-voy.com\/?p=2414","url_meta":{"origin":660,"position":5},"title":"30\u00e8me Rallye du Haut-Lignon","author":"admin9404","date":"7 septembre 2019","format":false,"excerpt":"Le 30\u00e8me Rallye du Haut-Lignon sera pr\u00e9sent sur les routes de notre territoire le 13, 14 et 15 septembre. Organiser par Team Auto Sport du Haut-Lignon. VENDREDI 13 SEPTEMBRE\u00a0: V\u00e9rifications techniques et administratives \u00e0 la salle de Gare et sur la place centrale au Chambon-sur-Lignon de 18h15 \u00e0 22h30. SAMEDI\u2026","rel":"","context":"Dans &quot;SPORT&quot;","block_context":{"text":"SPORT","link":"https:\/\/mazet-st-voy.com\/?cat=11"},"img":{"alt_text":"","src":"https:\/\/i0.wp.com\/mazet-st-voy.com\/wp-content\/uploads\/2019\/09\/30-rallye-du-haut-lignon.jpg?resize=350%2C200&ssl=1","width":350,"height":200,"srcset":"https:\/\/i0.wp.com\/mazet-st-voy.com\/wp-content\/uploads\/2019\/09\/30-rallye-du-haut-lignon.jpg?resize=350%2C200&ssl=1 1x, https:\/\/i0.wp.com\/mazet-st-voy.com\/wp-content\/uploads\/2019\/09\/30-rallye-du-haut-lignon.jpg?resize=525%2C300&ssl=1 1.5x, https:\/\/i0.wp.com\/mazet-st-voy.com\/wp-content\/uploads\/2019\/09\/30-rallye-du-haut-lignon.jpg?resize=700%2C400&ssl=1 2x, https:\/\/i0.wp.com\/mazet-st-voy.com\/wp-content\/uploads\/2019\/09\/30-rallye-du-haut-lignon.jpg?resize=1050%2C600&ssl=1 3x"},"classes":[]}],"_links":{"self":[{"href":"https:\/\/mazet-st-voy.com\/index.php?rest_route=\/wp\/v2\/posts\/660","targetHints":{"allow":["GET"]}}],"collection":[{"href":"https:\/\/mazet-st-voy.com\/index.php?rest_route=\/wp\/v2\/posts"}],"about":[{"href":"https:\/\/mazet-st-voy.com\/index.php?rest_route=\/wp\/v2\/types\/post"}],"author":[{"embeddable":true,"href":"https:\/\/mazet-st-voy.com\/index.php?rest_route=\/wp\/v2\/users\/1"}],"replies":[{"embeddable":true,"href":"https:\/\/mazet-st-voy.com\/index.php?rest_route=%2Fwp%2Fv2%2Fcomments&post=660"}],"version-history":[{"count":2,"href":"https:\/\/mazet-st-voy.com\/index.php?rest_route=\/wp\/v2\/posts\/660\/revisions"}],"predecessor-version":[{"id":667,"href":"https:\/\/mazet-st-voy.com\/index.php?rest_route=\/wp\/v2\/posts\/660\/revisions\/667"}],"wp:attachment":[{"href":"https:\/\/mazet-st-voy.com\/index.php?rest_route=%2Fwp%2Fv2%2Fmedia&parent=660"}],"wp:term":[{"taxonomy":"category","embeddable":true,"href":"https:\/\/mazet-st-voy.com\/index.php?rest_route=%2Fwp%2Fv2%2Fcategories&post=660"},{"taxonomy":"post_tag","embeddable":true,"href":"https:\/\/mazet-st-voy.com\/index.php?rest_route=%2Fwp%2Fv2%2Ftags&post=660"}],"curies":[{"name":"wp","href":"https:\/\/api.w.org\/{rel}","templated":true}]}}